{"id":5744,"date":"2019-09-16T07:12:28","date_gmt":"2019-09-16T07:12:28","guid":{"rendered":"https:\/\/arroyitoonline.com.ar\/?p=5744"},"modified":"2019-09-16T19:38:42","modified_gmt":"2019-09-16T19:38:42","slug":"se-concreto-el-encuentro-de-coros-infanto-juveniles","status":"publish","type":"post","link":"https:\/\/arroyitoonline.com.ar\/?p=5744","title":{"rendered":"Se concret\u00f3 el encuentro de Coros Infanto Juveniles"},"content":{"rendered":"\n<p><strong>Los anfitriones dirigidos por Joel Coronel recibieron a sus pares de Ramona (Santa Fe) y de Villa Carlos Paz. <\/strong><\/p>\n\n\n\n<p>El pasado s\u00e1bado 14 de septiembre, se realiz\u00f3 un Encuentro de Coros Infanto\u00a0 Juveniles, donde participaron los siguientes elencos:<\/p>\n\n\n\n<p>\u201cEcos Celestes\u201d (de Ramona, provincia de Santa Fe) dirigido por el profesor Leandro Gatti; Coro de la Sociedad italiana de Villa Carlos Paz, bajo la direcci\u00f3n de Mar\u00eda Victoria Salas, y el anfitri\u00f3n del encuentro, Coro Infanto Juvenil Municipal local dirigido por Joel Coronel. <\/p>\n\n\n\n<p>En horas de la tarde, los coreutas fueron recibidos con distintas actividades al aire libre y compartieron una merienda\u00a0de camarader\u00eda donde intercambiaron lazos de amistad entre todos. <\/p>\n\n\n\n<p>El concierto comenz\u00f3 a las 19:30 horas en la Sala del Auditorio Coral de la Casa de la Cultura, donde estuvieron presentes la viceintendente Graciela Tristany y la directora de Cultura Viviana Sam\u00a0 Sam.<\/p>\n\n\n\n<p>Con un repertorio muy variado, cada grupo puso su impronta dejando al p\u00fablico muy complacido, el cual los premi\u00f3 aplaudi\u00e9ndolos de pie y con mucho respeto.<\/p>\n\n\n\n<p>Felicitaciones a todos en nombre del Ejecutivo Municipal.<\/p>\n","protected":false},"excerpt":{"rendered":"<p>Los anfitriones dirigidos por Joel Coronel recibieron a sus pares de Ramona (Santa Fe) y de Villa Carlos Paz. El&hellip;<\/p>\n","protected":false},"author":3,"featured_media":5746,"comment_status":"closed","ping_status":"open","sticky":false,"template":"","format":"standard","meta":{"footnotes":""},"categories":[2],"tags":[66,67,836,247,1026,259,864,572],"class_list":["post-5744","post","type-post","status-publish","format-standard","has-post-thumbnail","hentry","category-cultura-y-espectaculos","tag-arroyito","tag-arroyito-cordoba","tag-arroyito-online","tag-coro","tag-coro-infanto-juvenil","tag-cultura","tag-cultura-y-espectaculos-online","tag-noticias-de-arroyito-y-zona"],"_links":{"self":[{"href":"https:\/\/arroyitoonline.com.ar\/index.php?rest_route=\/wp\/v2\/posts\/5744","targetHints":{"allow":["GET"]}}],"collection":[{"href":"https:\/\/arroyitoonline.com.ar\/index.php?rest_route=\/wp\/v2\/posts"}],"about":[{"href":"https:\/\/arroyitoonline.com.ar\/index.php?rest_route=\/wp\/v2\/types\/post"}],"author":[{"embeddable":true,"href":"https:\/\/arroyitoonline.com.ar\/index.php?rest_route=\/wp\/v2\/users\/3"}],"replies":[{"embeddable":true,"href":"https:\/\/arroyitoonline.com.ar\/index.php?rest_route=%2Fwp%2Fv2%2Fcomments&post=5744"}],"version-history":[{"count":1,"href":"https:\/\/arroyitoonline.com.ar\/index.php?rest_route=\/wp\/v2\/posts\/5744\/revisions"}],"predecessor-version":[{"id":5747,"href":"https:\/\/arroyitoonline.com.ar\/index.php?rest_route=\/wp\/v2\/posts\/5744\/revisions\/5747"}],"wp:featuredmedia":[{"embeddable":true,"href":"https:\/\/arroyitoonline.com.ar\/index.php?rest_route=\/wp\/v2\/media\/5746"}],"wp:attachment":[{"href":"https:\/\/arroyitoonline.com.ar\/index.php?rest_route=%2Fwp%2Fv2%2Fmedia&parent=5744"}],"wp:term":[{"taxonomy":"category","embeddable":true,"href":"https:\/\/arroyitoonline.com.ar\/index.php?rest_route=%2Fwp%2Fv2%2Fcategories&post=5744"},{"taxonomy":"post_tag","embeddable":true,"href":"https:\/\/arroyitoonline.com.ar\/index.php?rest_route=%2Fwp%2Fv2%2Ftags&post=5744"}],"curies":[{"name":"wp","href":"https:\/\/api.w.org\/{rel}","templated":true}]}}