{"id":5778,"date":"2019-09-12T13:24:08","date_gmt":"2019-09-12T13:24:08","guid":{"rendered":"https:\/\/arroyitoonline.com.ar\/?p=5778"},"modified":"2019-09-18T13:34:25","modified_gmt":"2019-09-18T13:34:25","slug":"el-municipio-superviso-obras-ejecutadas-en-el-jardin-alicia-rossi-de-el-fuertecito","status":"publish","type":"post","link":"https:\/\/arroyitoonline.com.ar\/?p=5778","title":{"rendered":"El Municipio supervis\u00f3 obras ejecutadas en el Jard\u00edn Alicia Rossi de El Fuertecito"},"content":{"rendered":"\n<p><strong>Adem\u00e1s, se entregaron cinco mesas redondas y 30 sillas nuevas. <\/strong><\/p>\n\n\n\n<p>El pasado lunes 9 de septiembre, el intendente Mauricio Cravero, acompa\u00f1ado por el secretario de Obras P\u00fablicas Daniel Lafarina y la coordinadora de la oficina de Empleo Viviana Vercelli, visit\u00f3 el Jard\u00edn de Infantes Alicia Rossi del paraje El Fuertecito.<\/p>\n\n\n\n<p>Durante el recorrido, las autoridades apreciaron la obra que el Municipio ejecut\u00f3 en esa instituci\u00f3n: refacci\u00f3n de paredes y colocaci\u00f3n de Durlock (placas de yeso), nueva instalaci\u00f3n de energ\u00eda el\u00e9ctrica, colocaci\u00f3n de luces LED en la sala de los ni\u00f1os, direcci\u00f3n y cocina, intercambio de puertas y ventanas (aluminio), construcci\u00f3n de placard para inform\u00e1tica, remodelaci\u00f3n de los juegos en el patio, obra de pintura en todo el jard\u00edn y la entrega de cinco mesas redondas y 30 sillas.<\/p>\n\n\n\n<p>Fuente: Prensa Municipal. <\/p>\n","protected":false},"excerpt":{"rendered":"<p>Adem\u00e1s, se entregaron cinco mesas redondas y 30 sillas nuevas. El pasado lunes 9 de septiembre, el intendente Mauricio Cravero,&hellip;<\/p>\n","protected":false},"author":3,"featured_media":5779,"comment_status":"closed","ping_status":"open","sticky":false,"template":"","format":"standard","meta":{"footnotes":""},"categories":[830],"tags":[66,67,836,253,310,1025,315,465,837,527,556,969],"class_list":["post-5778","post","type-post","status-publish","format-standard","has-post-thumbnail","hentry","category-educacion-online","tag-arroyito","tag-arroyito-cordoba","tag-arroyito-online","tag-cravero","tag-educacion","tag-el-fuerte","tag-el-fuertecito","tag-jardin-de-infantes","tag-lafarina","tag-mauricio-cravero","tag-municipalidad-de-arroyito","tag-vercelli"],"_links":{"self":[{"href":"https:\/\/arroyitoonline.com.ar\/index.php?rest_route=\/wp\/v2\/posts\/5778","targetHints":{"allow":["GET"]}}],"collection":[{"href":"https:\/\/arroyitoonline.com.ar\/index.php?rest_route=\/wp\/v2\/posts"}],"about":[{"href":"https:\/\/arroyitoonline.com.ar\/index.php?rest_route=\/wp\/v2\/types\/post"}],"author":[{"embeddable":true,"href":"https:\/\/arroyitoonline.com.ar\/index.php?rest_route=\/wp\/v2\/users\/3"}],"replies":[{"embeddable":true,"href":"https:\/\/arroyitoonline.com.ar\/index.php?rest_route=%2Fwp%2Fv2%2Fcomments&post=5778"}],"version-history":[{"count":1,"href":"https:\/\/arroyitoonline.com.ar\/index.php?rest_route=\/wp\/v2\/posts\/5778\/revisions"}],"predecessor-version":[{"id":5780,"href":"https:\/\/arroyitoonline.com.ar\/index.php?rest_route=\/wp\/v2\/posts\/5778\/revisions\/5780"}],"wp:featuredmedia":[{"embeddable":true,"href":"https:\/\/arroyitoonline.com.ar\/index.php?rest_route=\/wp\/v2\/media\/5779"}],"wp:attachment":[{"href":"https:\/\/arroyitoonline.com.ar\/index.php?rest_route=%2Fwp%2Fv2%2Fmedia&parent=5778"}],"wp:term":[{"taxonomy":"category","embeddable":true,"href":"https:\/\/arroyitoonline.com.ar\/index.php?rest_route=%2Fwp%2Fv2%2Fcategories&post=5778"},{"taxonomy":"post_tag","embeddable":true,"href":"https:\/\/arroyitoonline.com.ar\/index.php?rest_route=%2Fwp%2Fv2%2Ftags&post=5778"}],"curies":[{"name":"wp","href":"https:\/\/api.w.org\/{rel}","templated":true}]}}