{"id":5781,"date":"2019-09-11T13:37:52","date_gmt":"2019-09-11T13:37:52","guid":{"rendered":"https:\/\/arroyitoonline.com.ar\/?p=5781"},"modified":"2019-09-18T14:08:32","modified_gmt":"2019-09-18T14:08:32","slug":"amigos-en-la-danza-convoco-a-mas-de-1-000-personas-en-bomberos","status":"publish","type":"post","link":"https:\/\/arroyitoonline.com.ar\/?p=5781","title":{"rendered":"Amigos en la Danza convoc\u00f3 a m\u00e1s de 1.000 personas en Bomberos"},"content":{"rendered":"\n<p><strong>El legendario evento reuni\u00f3 a cientos de bailarines de diversas academias, escuelas y centros vecinales, que desplegaron su arte en todos los estilos musicales. <\/strong><\/p>\n\n\n\n<p>El pasado domingo 8 de septiembre, en las instalaciones del Sal\u00f3n Bomberos Voluntarios, se desarroll\u00f3 el XXIII\u00a0Encuentro Amigos en la Danza, con la participaci\u00f3n de\u00a0 academias locales y de la zona que engalanaron la jornada.<\/p>\n\n\n\n<p>Estuvieron presentes el secretario de Obras P\u00fablicas Daniel Lafarina, la concejala Alejandra Dellavale, la directora del departamento de Habilitaciones de Comercio, Ambiente y Bromatolog\u00eda Silvia Carnevale, la coordinadora de la oficina de Empleo y de la Universidad Popular Viviana Vercelli y la directora de Cultura Viviana Sam Sam.<\/p>\n\n\n\n<p>Los m\u00e1s de 1.000 presentes disfrutaron de un espect\u00e1culo con mucho color, brillo y alegr\u00eda a trav\u00e9s de las distintas coreograf\u00edas, desde folclore, malambo, cl\u00e1sico, espa\u00f1ol, \u00e1rabe y ritmos latinos hasta bailes\u00a0urbanos, ejecutadas por bailarines de todas las edades: ni\u00f1os, j\u00f3venes y adultos. <\/p>\n\n\n\n<p>El estudio de danza y arte Danzart tuvo a su cargo la apertura, con m\u00e1s de 50 bailarines\u00a0en escena, para \u201cMary Poppins te invita a bailar\u201d, donde la magia se hizo presente a trav\u00e9s de la puesta de la profesora Carla Trossero.<\/p>\n\n\n\n<p>Luego se subieron al tablado:<\/p>\n\n\n\n<p>1. CAUTIVAS EN LA DANZA dirigida por la Prof. Soledad Ceballos.<\/p>\n\n\n\n<p>2. TALLER DE FOLCLORE DEL CTRO. VECINAL XANAES dirigido por los profesores Magal\u00ed Maidana y El\u00edas Gim\u00e9nez, Mart\u00edn Ch\u00e1vez y Sami Morales.<\/p>\n\n\n\n<p>3. TALLER DE \u00c1RABE DEL CTRO. VECINAL XANAES dirigido por la profesora Eliana Gonz\u00e1lez.<\/p>\n\n\n\n<p>4. TALLER DE CL\u00c1SICO DEL CTRO. VECINAL XANAES dirigido por Milena Romero.<\/p>\n\n\n\n<p>5. ACADEMIA DE \u00c1RABE \u201cSHAMSIA\u201d dirigida por la profesora Nancy Peralta.<\/p>\n\n\n\n<p>6. EL IDIOMA DE LA DANZA DE LUQUE dirigido por la profesora Mar\u00eda Bel\u00e9n Visconti.<\/p>\n\n\n\n<p>7. ESCUELA Y BALLET MUNICIPAL DE DANZAS FOLCL\u00d3RICAS Y TANGO bajo la direcci\u00f3n de Viviana Pedernera y los profesores Federico Ceballos, Marianela Bernardi, Ramiro Capdevilla,\u00a0Carla Trossero, Agust\u00edn Romero, Romina Comastri y Maximiliano Astudillo.<\/p>\n\n\n\n<p>8. PASI\u00d3N LATINA dirigida por los profesores Carolina Ju\u00e1rez y Ariel Bravo.<\/p>\n\n\n\n<p>9. TALLER DE ZUMBA DE ACERCAR a cargo de la Prof. Maricel Su\u00e1rez.<\/p>\n\n\n\n<p>10. TALLER DE FOLCLORE DE ACERCAR a cargo del Prof. Ramiro Capdevilla.<\/p>\n\n\n\n<p>11. TALLER DE CL\u00c1SICO DE LA CASA DE LA CULTURA a cargo de la Prof. Carla Trossero.<\/p>\n\n\n\n<p>12. TALLER DE TANGO DE LA CASA DE LA CULTURA a cargo de los profesores Melisa El\u00edas y Agust\u00edn Romero.<\/p>\n\n\n\n<p>13. \u201cDANZARTE\u201d DE LUQUE a cargo de los Prof. Aldana y Mat\u00edas Puntonet.<\/p>\n\n\n\n<p>14.\u201dDANZARTE\u201d DE CAPILLA DEL CARMEN a cargo de los Prof. Aldana y Mat\u00edas Puntonet.<\/p>\n\n\n\n<p>15. JUST DANCE STUDIO a cargo de la Prof. Noelia Heidenreich.<\/p>\n\n\n\n<p>16. BRUJAS GYM a cargo de la Prof. Antonella S\u00e1nchez.<\/p>\n\n\n\n<p>17. \u201cFAIZA\u201d a cargo de la Prof. Dahyana N\u00fa\u00f1ez.<\/p>\n\n\n\n<p>18. \u201dDANZART\u201d ESTUDIO DE DANZA Y ARTE, anfitriones del encuentro, dirigido por las profesoras Viviana Sam Sam y Carla Trossero.<\/p>\n\n\n\n<p>Desde el Ejecutivo Municipal felicitaron e instaron a que los bailarines sigan con estos espacios donde se congregan a todos los amantes de la danza trabajando de manera solidaria por la cultura local.<\/p>\n\n\n\n<p>Fuente: Prensa Municipal.<\/p>\n","protected":false},"excerpt":{"rendered":"<p>El legendario evento reuni\u00f3 a cientos de bailarines de diversas academias, escuelas y centros vecinales, que desplegaron su arte en&hellip;<\/p>\n","protected":false},"author":3,"featured_media":5782,"comment_status":"closed","ping_status":"open","sticky":false,"template":"","format":"standard","meta":{"footnotes":""},"categories":[2],"tags":[66,67,836,259,864,267,351,862,572],"class_list":["post-5781","post","type-post","status-publish","format-standard","has-post-thumbnail","hentry","category-cultura-y-espectaculos","tag-arroyito","tag-arroyito-cordoba","tag-arroyito-online","tag-cultura","tag-cultura-y-espectaculos-online","tag-danza","tag-espectaculos","tag-espectaculos-online","tag-noticias-de-arroyito-y-zona"],"_links":{"self":[{"href":"https:\/\/arroyitoonline.com.ar\/index.php?rest_route=\/wp\/v2\/posts\/5781","targetHints":{"allow":["GET"]}}],"collection":[{"href":"https:\/\/arroyitoonline.com.ar\/index.php?rest_route=\/wp\/v2\/posts"}],"about":[{"href":"https:\/\/arroyitoonline.com.ar\/index.php?rest_route=\/wp\/v2\/types\/post"}],"author":[{"embeddable":true,"href":"https:\/\/arroyitoonline.com.ar\/index.php?rest_route=\/wp\/v2\/users\/3"}],"replies":[{"embeddable":true,"href":"https:\/\/arroyitoonline.com.ar\/index.php?rest_route=%2Fwp%2Fv2%2Fcomments&post=5781"}],"version-history":[{"count":3,"href":"https:\/\/arroyitoonline.com.ar\/index.php?rest_route=\/wp\/v2\/posts\/5781\/revisions"}],"predecessor-version":[{"id":5787,"href":"https:\/\/arroyitoonline.com.ar\/index.php?rest_route=\/wp\/v2\/posts\/5781\/revisions\/5787"}],"wp:featuredmedia":[{"embeddable":true,"href":"https:\/\/arroyitoonline.com.ar\/index.php?rest_route=\/wp\/v2\/media\/5782"}],"wp:attachment":[{"href":"https:\/\/arroyitoonline.com.ar\/index.php?rest_route=%2Fwp%2Fv2%2Fmedia&parent=5781"}],"wp:term":[{"taxonomy":"category","embeddable":true,"href":"https:\/\/arroyitoonline.com.ar\/index.php?rest_route=%2Fwp%2Fv2%2Fcategories&post=5781"},{"taxonomy":"post_tag","embeddable":true,"href":"https:\/\/arroyitoonline.com.ar\/index.php?rest_route=%2Fwp%2Fv2%2Ftags&post=5781"}],"curies":[{"name":"wp","href":"https:\/\/api.w.org\/{rel}","templated":true}]}}