{"id":5799,"date":"2019-09-18T15:34:01","date_gmt":"2019-09-18T15:34:01","guid":{"rendered":"https:\/\/arroyitoonline.com.ar\/?p=5799"},"modified":"2019-09-18T15:34:03","modified_gmt":"2019-09-18T15:34:03","slug":"padre-gabriel-celebro-la-misa-y-uncion-de-los-enfermos-en-el-hogar-de-ancianos-juan-xxiii","status":"publish","type":"post","link":"https:\/\/arroyitoonline.com.ar\/?p=5799","title":{"rendered":"Padre Gabriel celebr\u00f3 la misa y unci\u00f3n de los enfermos en el Hogar de Ancianos Juan XXIII"},"content":{"rendered":"\n<p><strong>El acto lit\u00fargico fue celebrado por el cura p\u00e1rroco de la Parroquia Nuestra Sra. de la Merced, presb\u00edtero Gabriel Camusso.<\/strong><\/p>\n\n\n\n<p>En el marco de la programaci\u00f3n\u00a0de las fiestas patronales de Arroyito, y como todos los a\u00f1os, ayer martes\u00a0 17, el cura p\u00e1rroco de la Parroquia Nuestra Sra. de la Merced, presb\u00edtero Gabriel Camusso, celebr\u00f3 el\u00a0acto lit\u00fargico en las instalaciones del Hogar de Ancianos Juan XXIII.<\/p>\n\n\n\n<p>Estuvieron presentes autoridades municipales: intendente Maurico Cravero y su esposa Mar\u00eda Laura, viceintendente Graciela Tristany, secretario de Hacienda y\u00a0Finanzas V\u00edctor Dellarossa, directora del Hogar de Ancianos,\u00a0Alicia Plat\u00e9, coordinadora de la Oficina de Empleo Viviana Vercelli, director de Deportes Gustavo Pecchio, y coordinadora del PreNaf, Silvia Lovera, junto a personal del lugar, adultos mayores residentes y p\u00fablico en general.<\/p>\n\n\n\n<p>En la oportunidad acompa\u00f1aron Camusso, el vicario parroquial Marcelo Cereda y el sacerdote Adri\u00e1n Francisco Roelly, misionero redentorista.<\/p>\n\n\n\n<p>Despu\u00e9s de celebrada la liturgia se realiz\u00f3 la unci\u00f3n de los enfermos, para lo cual los curas impusieron sus manos a las personas, las cuales seg\u00fan el catolicismo son sanadas por medio de la fe y\u00a0la unci\u00f3n que reciben de parte del Esp\u00edritu Santo.<\/p>\n\n\n\n<p>Fuente: Prensa Municipal. <\/p>\n","protected":false},"excerpt":{"rendered":"<p>El acto lit\u00fargico fue celebrado por el cura p\u00e1rroco de la Parroquia Nuestra Sra. de la Merced, presb\u00edtero Gabriel Camusso.&hellip;<\/p>\n","protected":false},"author":3,"featured_media":5800,"comment_status":"closed","ping_status":"open","sticky":false,"template":"","format":"standard","meta":{"footnotes":""},"categories":[935],"tags":[15,66,67,836,261,375,419,420,1027,572,681],"class_list":["post-5799","post","type-post","status-publish","format-standard","has-post-thumbnail","hentry","category-religion","tag-24-de-septiembre","tag-arroyito","tag-arroyito-cordoba","tag-arroyito-online","tag-cura","tag-fiesta-patronal","tag-hogar-de-ancianos","tag-hogar-de-ancianos-arroyito","tag-misa","tag-noticias-de-arroyito-y-zona","tag-religion"],"_links":{"self":[{"href":"https:\/\/arroyitoonline.com.ar\/index.php?rest_route=\/wp\/v2\/posts\/5799","targetHints":{"allow":["GET"]}}],"collection":[{"href":"https:\/\/arroyitoonline.com.ar\/index.php?rest_route=\/wp\/v2\/posts"}],"about":[{"href":"https:\/\/arroyitoonline.com.ar\/index.php?rest_route=\/wp\/v2\/types\/post"}],"author":[{"embeddable":true,"href":"https:\/\/arroyitoonline.com.ar\/index.php?rest_route=\/wp\/v2\/users\/3"}],"replies":[{"embeddable":true,"href":"https:\/\/arroyitoonline.com.ar\/index.php?rest_route=%2Fwp%2Fv2%2Fcomments&post=5799"}],"version-history":[{"count":1,"href":"https:\/\/arroyitoonline.com.ar\/index.php?rest_route=\/wp\/v2\/posts\/5799\/revisions"}],"predecessor-version":[{"id":5801,"href":"https:\/\/arroyitoonline.com.ar\/index.php?rest_route=\/wp\/v2\/posts\/5799\/revisions\/5801"}],"wp:featuredmedia":[{"embeddable":true,"href":"https:\/\/arroyitoonline.com.ar\/index.php?rest_route=\/wp\/v2\/media\/5800"}],"wp:attachment":[{"href":"https:\/\/arroyitoonline.com.ar\/index.php?rest_route=%2Fwp%2Fv2%2Fmedia&parent=5799"}],"wp:term":[{"taxonomy":"category","embeddable":true,"href":"https:\/\/arroyitoonline.com.ar\/index.php?rest_route=%2Fwp%2Fv2%2Fcategories&post=5799"},{"taxonomy":"post_tag","embeddable":true,"href":"https:\/\/arroyitoonline.com.ar\/index.php?rest_route=%2Fwp%2Fv2%2Ftags&post=5799"}],"curies":[{"name":"wp","href":"https:\/\/api.w.org\/{rel}","templated":true}]}}