{"id":5805,"date":"2019-09-19T16:23:10","date_gmt":"2019-09-19T16:23:10","guid":{"rendered":"https:\/\/arroyitoonline.com.ar\/?p=5805"},"modified":"2019-09-19T16:23:11","modified_gmt":"2019-09-19T16:23:11","slug":"el-frente-de-todos-arroyito-propone-un-conversatorio-para-la-memoria","status":"publish","type":"post","link":"https:\/\/arroyitoonline.com.ar\/?p=5805","title":{"rendered":"El Frente de Todos Arroyito propone un conversatorio para la memoria"},"content":{"rendered":"\n<p><strong>La agrupaci\u00f3n\npol\u00edtica local realizar\u00e1 hoy esta actividad, en su local de Mitre 346, con la\npresencia de expresos pol\u00edticos.<\/strong><\/p>\n\n\n\n<p>Esta noche a las 20:00 horas, en el local del Frente de Todos Arroyito \u2013Mitre 346-, la agrupaci\u00f3n pol\u00edtica local propone un conversatorio para la memoria, la verdad y la justicia, por los 30.000 compa\u00f1eros desaparecidos.<\/p>\n\n\n\n<p>La actividad, que es libre y gratuita, contar\u00e1 con la presencia de la docente cordobesa Soledad Garc\u00eda, que sufri\u00f3 persecuci\u00f3n y estuvo detenida en el centro de tortura D2, donde fueron asesinadas al menos 50 personas.<\/p>\n\n\n\n<p>La militante pol\u00edtica permaneci\u00f3 alojada, entre 1975 y 1976, en la c\u00e1rcel situada en pleno centro de la Docta padeciendo todo tipo de vejaciones. Garc\u00eda tambi\u00e9n hab\u00eda participado del Cordobazo (1969). <\/p>\n\n\n\n<figure class=\"wp-block-image\"><img loading=\"lazy\" decoding=\"async\" width=\"1024\" height=\"1024\" src=\"https:\/\/arroyitoonline.com.ar\/wp-content\/uploads\/2019\/09\/conversatorio-frente-de-todos-1024x1024.jpg\" alt=\"\" class=\"wp-image-5807\" srcset=\"https:\/\/arroyitoonline.com.ar\/wp-content\/uploads\/2019\/09\/conversatorio-frente-de-todos-1024x1024.jpg 1024w, https:\/\/arroyitoonline.com.ar\/wp-content\/uploads\/2019\/09\/conversatorio-frente-de-todos-150x150.jpg 150w, https:\/\/arroyitoonline.com.ar\/wp-content\/uploads\/2019\/09\/conversatorio-frente-de-todos-300x300.jpg 300w, https:\/\/arroyitoonline.com.ar\/wp-content\/uploads\/2019\/09\/conversatorio-frente-de-todos-768x768.jpg 768w, https:\/\/arroyitoonline.com.ar\/wp-content\/uploads\/2019\/09\/conversatorio-frente-de-todos.jpg 1280w\" sizes=\"auto, (max-width: 1024px) 100vw, 1024px\" \/><figcaption><em>La invitaci\u00f3n al conversatorio<\/em><\/figcaption><\/figure>\n\n\n\n<p>Adem\u00e1s, del conversatorio participar\u00e1n dos personas que fueron detenidas en la c\u00e1rcel de Coronda (Santa Fe), a 45 Km de la capital provincial y a 120 Km de Rosario.<\/p>\n\n\n\n<p>Seg\u00fan coment\u00f3 Mario Aponosovich a Canal 3, <em>\u201cfue una unidad carcelaria que se dividi\u00f3, ya en \u00e9pocas anteriores a las del llamado Proceso de Organizaci\u00f3n Nacional, en la cual no solo hab\u00eda presos comunes sino tambi\u00e9n presos pol\u00edticos, que fueron alrededor de 1.100 en la \u00e9poca de la Dictadura. Los presos pol\u00edticos estaban entre comillas legalizados, no eran clandestinos como muchos otros que desaparecieron, con lo cual su posibilidad de sobrevivir en aquel momento se acrecentaba. De todas maneras, Coronda fue una unidad carcelaria que bajo el tipo de vej\u00e1menes, s\u00ed se asimil\u00f3 much\u00edsimo con cualquier centro clandestino de tortura y de detenci\u00f3n en la dictadura militar\u201d<\/em>. <\/p>\n\n\n\n<p>Adem\u00e1s, el abogado agreg\u00f3 que el motivo de este conversatorio <em>&#8220;no es para que la gente que venga a ver esto salga de aqu\u00ed con el dolor de cosas que pasaron en el pasado&#8221;<\/em>, sino que <em>&#8220;se quiere tener memoria para evitar que una cosa similar se vuelva a repetir en el futuro. Por eso tenemos mucho inter\u00e9s que de que gente joven participe de este proceso, para que puedan conocer de manera directa por sus protagonistas, que tienen la posibilidad de contarlo, porque muchos de los que tuvieron que vivir esos atroces momentos no tuvieron esa posibilidad y contin\u00faan desaparecidos&#8221;<\/em>. <\/p>\n\n\n\n<p><em>La foto de portada (Soledad Garc\u00eda) es solo a modo ilustrativo, fue tomada por Sebasti\u00e1n Salguero y publicada por la FFyH (Facultad de Filosof\u00eda y Humanidades UNC). <\/em><\/p>\n","protected":false},"excerpt":{"rendered":"<p>La agrupaci\u00f3n pol\u00edtica local realizar\u00e1 hoy esta actividad, en su local de Mitre 346, con la presencia de expresos pol\u00edticos.&hellip;<\/p>\n","protected":false},"author":3,"featured_media":5808,"comment_status":"closed","ping_status":"open","sticky":false,"template":"","format":"standard","meta":{"footnotes":""},"categories":[8],"tags":[66,67,836,186,990,572,640],"class_list":["post-5805","post","type-post","status-publish","format-standard","has-post-thumbnail","hentry","category-politica","tag-arroyito","tag-arroyito-cordoba","tag-arroyito-online","tag-charla","tag-frente-de-todos","tag-noticias-de-arroyito-y-zona","tag-politica"],"_links":{"self":[{"href":"https:\/\/arroyitoonline.com.ar\/index.php?rest_route=\/wp\/v2\/posts\/5805","targetHints":{"allow":["GET"]}}],"collection":[{"href":"https:\/\/arroyitoonline.com.ar\/index.php?rest_route=\/wp\/v2\/posts"}],"about":[{"href":"https:\/\/arroyitoonline.com.ar\/index.php?rest_route=\/wp\/v2\/types\/post"}],"author":[{"embeddable":true,"href":"https:\/\/arroyitoonline.com.ar\/index.php?rest_route=\/wp\/v2\/users\/3"}],"replies":[{"embeddable":true,"href":"https:\/\/arroyitoonline.com.ar\/index.php?rest_route=%2Fwp%2Fv2%2Fcomments&post=5805"}],"version-history":[{"count":2,"href":"https:\/\/arroyitoonline.com.ar\/index.php?rest_route=\/wp\/v2\/posts\/5805\/revisions"}],"predecessor-version":[{"id":5809,"href":"https:\/\/arroyitoonline.com.ar\/index.php?rest_route=\/wp\/v2\/posts\/5805\/revisions\/5809"}],"wp:featuredmedia":[{"embeddable":true,"href":"https:\/\/arroyitoonline.com.ar\/index.php?rest_route=\/wp\/v2\/media\/5808"}],"wp:attachment":[{"href":"https:\/\/arroyitoonline.com.ar\/index.php?rest_route=%2Fwp%2Fv2%2Fmedia&parent=5805"}],"wp:term":[{"taxonomy":"category","embeddable":true,"href":"https:\/\/arroyitoonline.com.ar\/index.php?rest_route=%2Fwp%2Fv2%2Fcategories&post=5805"},{"taxonomy":"post_tag","embeddable":true,"href":"https:\/\/arroyitoonline.com.ar\/index.php?rest_route=%2Fwp%2Fv2%2Ftags&post=5805"}],"curies":[{"name":"wp","href":"https:\/\/api.w.org\/{rel}","templated":true}]}}