{"id":5811,"date":"2019-09-20T12:36:39","date_gmt":"2019-09-20T12:36:39","guid":{"rendered":"https:\/\/arroyitoonline.com.ar\/?p=5811"},"modified":"2019-09-20T12:36:41","modified_gmt":"2019-09-20T12:36:41","slug":"desde-el-lunes-se-entregaran-las-semillas-del-pro-huerta","status":"publish","type":"post","link":"https:\/\/arroyitoonline.com.ar\/?p=5811","title":{"rendered":"Desde el lunes se entregar\u00e1n las semillas del Pro\u2013Huerta"},"content":{"rendered":"\n<p><strong>El Programa pertenece al Instituto Nacional de Tecnolog\u00eda Agropecuaria (INTA) y habr\u00e1 80 kits disponibles.<\/strong><\/p>\n\n\n\n<p>Desde el lunes 23 de septiembre comenzar\u00e1 la entrega de semillas del Programa Pro\u2013Huerta en la secretar\u00eda municipal de Acci\u00f3n Social, de 8:00 a 12:00 horas.\u00a0<\/p>\n\n\n\n<p>El programa, perteneciente al Instituto Nacional de Tecnolog\u00eda Agropecuaria (INTA), est\u00e1 dirigido a la poblaci\u00f3n de bajos ingresos econ\u00f3micos que enfrenta problemas de acceso a una alimentaci\u00f3n saludable, promoviendo una dieta diversificada y equilibrada mediante la auto producci\u00f3n a peque\u00f1as escalas de alimentos frescos, por parte de sus destinatarios.\u00a0<\/p>\n\n\n\n<p>El Pro\u2013Huerta organiza su operatoria en dos campa\u00f1as anuales: oto\u00f1o\/ invierno y primavera\/ verano diferenciadas seg\u00fan la estacionalidad de las diferencias producciones.\u00a0\u00a0<\/p>\n\n\n\n<p>Los 80 kits que se entregar\u00e1n cuenta con 10 especies: Acelga Bressanen, Achicoria Fina de Corte, Albahaca Hoja Ancha , Berenjena Florida Market, Lechuga Brisa, Perejil Com\u00fan Liso, Pimiento Fyuco, Rucula del Pa\u00eds, Tomate Perita y Zapallito Verones.<\/p>\n\n\n\n<p>Fuente: Prensa Municipal.<\/p>\n","protected":false},"excerpt":{"rendered":"<p>El Programa pertenece al Instituto Nacional de Tecnolog\u00eda Agropecuaria (INTA) y habr\u00e1 80 kits disponibles. Desde el lunes 23 de&hellip;<\/p>\n","protected":false},"author":3,"featured_media":5812,"comment_status":"closed","ping_status":"open","sticky":false,"template":"","format":"standard","meta":{"footnotes":""},"categories":[913],"tags":[66,67,836,258,451,528,555,556,1028,1029],"class_list":["post-5811","post","type-post","status-publish","format-standard","has-post-thumbnail","hentry","category-medio-ambiente","tag-arroyito","tag-arroyito-cordoba","tag-arroyito-online","tag-cuidado-del-medio-ambiente","tag-inta","tag-medio-ambiente","tag-municipalidad","tag-municipalidad-de-arroyito","tag-programa-pro-huerta","tag-semillas"],"_links":{"self":[{"href":"https:\/\/arroyitoonline.com.ar\/index.php?rest_route=\/wp\/v2\/posts\/5811","targetHints":{"allow":["GET"]}}],"collection":[{"href":"https:\/\/arroyitoonline.com.ar\/index.php?rest_route=\/wp\/v2\/posts"}],"about":[{"href":"https:\/\/arroyitoonline.com.ar\/index.php?rest_route=\/wp\/v2\/types\/post"}],"author":[{"embeddable":true,"href":"https:\/\/arroyitoonline.com.ar\/index.php?rest_route=\/wp\/v2\/users\/3"}],"replies":[{"embeddable":true,"href":"https:\/\/arroyitoonline.com.ar\/index.php?rest_route=%2Fwp%2Fv2%2Fcomments&post=5811"}],"version-history":[{"count":1,"href":"https:\/\/arroyitoonline.com.ar\/index.php?rest_route=\/wp\/v2\/posts\/5811\/revisions"}],"predecessor-version":[{"id":5813,"href":"https:\/\/arroyitoonline.com.ar\/index.php?rest_route=\/wp\/v2\/posts\/5811\/revisions\/5813"}],"wp:featuredmedia":[{"embeddable":true,"href":"https:\/\/arroyitoonline.com.ar\/index.php?rest_route=\/wp\/v2\/media\/5812"}],"wp:attachment":[{"href":"https:\/\/arroyitoonline.com.ar\/index.php?rest_route=%2Fwp%2Fv2%2Fmedia&parent=5811"}],"wp:term":[{"taxonomy":"category","embeddable":true,"href":"https:\/\/arroyitoonline.com.ar\/index.php?rest_route=%2Fwp%2Fv2%2Fcategories&post=5811"},{"taxonomy":"post_tag","embeddable":true,"href":"https:\/\/arroyitoonline.com.ar\/index.php?rest_route=%2Fwp%2Fv2%2Ftags&post=5811"}],"curies":[{"name":"wp","href":"https:\/\/api.w.org\/{rel}","templated":true}]}}