{"id":5822,"date":"2019-09-19T19:56:16","date_gmt":"2019-09-19T19:56:16","guid":{"rendered":"https:\/\/arroyitoonline.com.ar\/?p=5822"},"modified":"2019-09-22T15:11:47","modified_gmt":"2019-09-22T15:11:47","slug":"la-municipalidad-entrego-un-aporte-economico-a-la-fundacion-infancia-segura","status":"publish","type":"post","link":"https:\/\/arroyitoonline.com.ar\/?p=5822","title":{"rendered":"La Municipalidad entreg\u00f3 un aporte econ\u00f3mico a la Fundaci\u00f3n Infancia Segura"},"content":{"rendered":"\n<p><strong>Es para que la entidad contin\u00fae con los fines de organizaci\u00f3n en los \u00faltimos meses de este a\u00f1o.<\/strong><\/p>\n\n\n\n<p>En la ma\u00f1ana del mi\u00e9rcoles 18, la viceintendente Graciela Tristany, el secretario de Gobierno Ignacio Cabello y la secretaria Privada Marcela Ferreyra recibieron, en la sala de gabinete, a la secretaria de la Fundaci\u00f3n Infancia Segura, Tamara Rochia.<\/p>\n\n\n\n<p>En ese encuentro, los funcionarios hicieron\u00a0entrega a la entidad, de una ayuda econ\u00f3mica por $4.000 para que contin\u00fae con los fines de organizaci\u00f3n durante los meses de septiembre, octubre, noviembre y diciembre del a\u00f1o en curso.<\/p>\n\n\n\n<p>Las autoridades instaron a que se sigan generando acciones de manera mancomunada, entre las instituciones y el gobierno municipal, en pos del crecimiento y\u00a0 la seguridad de los ni\u00f1os.<\/p>\n\n\n\n<p>Fuente: Prensa Municipal.<\/p>\n","protected":false},"excerpt":{"rendered":"<p>Es para que la entidad contin\u00fae con los fines de organizaci\u00f3n en los \u00faltimos meses de este a\u00f1o. En la&hellip;<\/p>\n","protected":false},"author":3,"featured_media":5824,"comment_status":"closed","ping_status":"open","sticky":false,"template":"","format":"standard","meta":{"footnotes":""},"categories":[829],"tags":[66,67,836,392,868,555,556,572],"class_list":["post-5822","post","type-post","status-publish","format-standard","has-post-thumbnail","hentry","category-municipales-online","tag-arroyito","tag-arroyito-cordoba","tag-arroyito-online","tag-fundacion-infancia-segura","tag-municipales-online","tag-municipalidad","tag-municipalidad-de-arroyito","tag-noticias-de-arroyito-y-zona"],"_links":{"self":[{"href":"https:\/\/arroyitoonline.com.ar\/index.php?rest_route=\/wp\/v2\/posts\/5822","targetHints":{"allow":["GET"]}}],"collection":[{"href":"https:\/\/arroyitoonline.com.ar\/index.php?rest_route=\/wp\/v2\/posts"}],"about":[{"href":"https:\/\/arroyitoonline.com.ar\/index.php?rest_route=\/wp\/v2\/types\/post"}],"author":[{"embeddable":true,"href":"https:\/\/arroyitoonline.com.ar\/index.php?rest_route=\/wp\/v2\/users\/3"}],"replies":[{"embeddable":true,"href":"https:\/\/arroyitoonline.com.ar\/index.php?rest_route=%2Fwp%2Fv2%2Fcomments&post=5822"}],"version-history":[{"count":1,"href":"https:\/\/arroyitoonline.com.ar\/index.php?rest_route=\/wp\/v2\/posts\/5822\/revisions"}],"predecessor-version":[{"id":5825,"href":"https:\/\/arroyitoonline.com.ar\/index.php?rest_route=\/wp\/v2\/posts\/5822\/revisions\/5825"}],"wp:featuredmedia":[{"embeddable":true,"href":"https:\/\/arroyitoonline.com.ar\/index.php?rest_route=\/wp\/v2\/media\/5824"}],"wp:attachment":[{"href":"https:\/\/arroyitoonline.com.ar\/index.php?rest_route=%2Fwp%2Fv2%2Fmedia&parent=5822"}],"wp:term":[{"taxonomy":"category","embeddable":true,"href":"https:\/\/arroyitoonline.com.ar\/index.php?rest_route=%2Fwp%2Fv2%2Fcategories&post=5822"},{"taxonomy":"post_tag","embeddable":true,"href":"https:\/\/arroyitoonline.com.ar\/index.php?rest_route=%2Fwp%2Fv2%2Ftags&post=5822"}],"curies":[{"name":"wp","href":"https:\/\/api.w.org\/{rel}","templated":true}]}}