{"id":5826,"date":"2019-09-19T15:14:53","date_gmt":"2019-09-19T15:14:53","guid":{"rendered":"https:\/\/arroyitoonline.com.ar\/?p=5826"},"modified":"2019-09-22T15:39:54","modified_gmt":"2019-09-22T15:39:54","slug":"la-biblioteca-municipal-popular-almafuerte-celebro-su-35o-aniversario","status":"publish","type":"post","link":"https:\/\/arroyitoonline.com.ar\/?p=5826","title":{"rendered":"La Biblioteca Municipal Popular Almafuerte celebr\u00f3 su 35\u00ba Aniversario"},"content":{"rendered":"\n<p><strong>En el marco del acto, qued\u00f3 inaugurado un nuevo espacio de lectura para ni\u00f1os bajo el nombre de Ana Teresa Pretto. <\/strong><\/p>\n\n\n\n<p>El mi\u00e9rcoles 18, la Biblioteca Municipal Popular Almafuerte celebr\u00f3 su 35\u00b0 Aniversario, en la explanada de su casa y con un emotivo acto. En la ocasi\u00f3n tambi\u00e9n qued\u00f3 inaugurada una nueva ampliaci\u00f3n del edificio, para la lectura de los m\u00e1s peque\u00f1os, para lo cual el Municipio cont\u00f3 con la colaboraci\u00f3n de compa\u00f1\u00eda La An\u00f3nima. <\/p>\n\n\n\n<p>En la oportunidad estuvieron presentes: intendente Mauricio Cravero, viceintendente Graciela Tristany, secretarios, concejales, directores y coordinadores de \u00e1reas, integrantes de la Comisi\u00f3n de Apoyo, socios y directora de la Biblioteca Norma Ferreyra, ciudadanas Ilustres, alumnos de la escuela Manuel Belgrano, integrantes del Consejo Arroyito Ciudad Amiga de Ni\u00f1as, Ni\u00f1os y Adolescentes, autoridades eclesi\u00e1sticas, representante de la empresa La An\u00f3nima, integrantes de instituciones intermedias y p\u00fablico general.<\/p>\n\n\n\n<p>El evento comenz\u00f3 con la actuaci\u00f3n del Cuarteto del Amor. El conjunto instrumental formado en junio de 2011 integrado por Andr\u00e9s Lazaroff\u00a0(voz, maracas y toc toc), Tati Falco (guitarra y coros), Nash Coll (mandolina y coros) y Leo Tangenti (viol\u00edn y coros) dej\u00f3 serenatas y comedias musicales callejeras, llegando al coraz\u00f3n de todos los presentes.<br><\/p>\n\n\n\n<p>En primer lugar la directora anfitriona manifest\u00f3 que <em>\u201crecuerdo momentos vividos de aprendizaje, de familia y de tantas emociones con gente querida que todav\u00eda nos encontramos\u00a0hoy, nos abrazamos en un saludo de amistad, con\u00a0solo una mirada nos entendemos\u00a0o simplemente nos decimos hasta luego, porque sabemos que contamos los unos con los otros,\u00a0con ellos siempre habr\u00e1 un motivo para juntarnos. Haber llegado hasta este cumple 35 es m\u00e1s que un mero festejo de agradecimiento, a Dios por permitirme estar en este lugar donde pas\u00e9\u00a0gran parte de mi vida\u201d<\/em>.<\/p>\n\n\n\n<p>M\u00e1s tarde, el vicario parroquial Marcelo Cereda dio bendijo el lugar y, continuando con el desarrollo del acto, se realizaron reconocimientos a personas que trabajaron durante muchos a\u00f1os con la Biblioteca, en proyectos, ferias y que adem\u00e1s siempre tuvieron la misma mirada, dirigida a los peque\u00f1os, cimientos de toda sociedad culta. Ellos\/as fueron el complemento en la tarea bibliotecaria recibiendo con los brazos abiertos las visitas con el fin de aportar en la ense\u00f1anza, la funci\u00f3n de la Biblioteca estimulando el encuentro con la magia del libro.<\/p>\n\n\n\n<p>Despu\u00e9s de los homenajes, vinieron palabras del secretario de Obras P\u00fablicas Daniel Lafarina brindando detalles de la obra en el nuevo espacio dedicado a la infancia, que incluy\u00f3 la ampliaci\u00f3n del edificio coloc\u00e1ndole el nombre de \u201cAna Teresa Pretto\u201d dedicado a ella, por su entrega y dedicaci\u00f3n a esta gran instituci\u00f3n.<\/p>\n\n\n\n<p>A continuaci\u00f3n,\u00a0la una de las hijas de Ana, Claudia Bertinotti, dej\u00f3 un mensaje de agradecimiento al intendente, a la directora, a la comisi\u00f3n de Apoyo y todos\u00a0los que intervinieron en el nombre del nuevo espacio.<\/p>\n\n\n\n<p>Antes de la finalizaci\u00f3n del acto, Cravero manifest\u00f3 su alegr\u00eda y felicit\u00f3 a su directora y al personal por el trabajo que vienen realizando durante tantos a\u00f1os cultivando el amor hacia los libros.<\/p>\n\n\n\n<p>El evento culmin\u00f3 con el tradicional corte de cinta y el descubrimiento de una placa recordatoria.<\/p>\n\n\n\n<p>Fuente: Prensa Municipal. <\/p>\n","protected":false},"excerpt":{"rendered":"<p>En el marco del acto, qued\u00f3 inaugurado un nuevo espacio de lectura para ni\u00f1os bajo el nombre de Ana Teresa&hellip;<\/p>\n","protected":false},"author":3,"featured_media":5827,"comment_status":"closed","ping_status":"open","sticky":false,"template":"","format":"standard","meta":{"footnotes":""},"categories":[2],"tags":[66,67,836,117,886,259,864,489,499,572],"class_list":["post-5826","post","type-post","status-publish","format-standard","has-post-thumbnail","hentry","category-cultura-y-espectaculos","tag-arroyito","tag-arroyito-cordoba","tag-arroyito-online","tag-biblioteca","tag-biblioteca-municipal-popular-almafuerte","tag-cultura","tag-cultura-y-espectaculos-online","tag-lectura","tag-literatura","tag-noticias-de-arroyito-y-zona"],"_links":{"self":[{"href":"https:\/\/arroyitoonline.com.ar\/index.php?rest_route=\/wp\/v2\/posts\/5826","targetHints":{"allow":["GET"]}}],"collection":[{"href":"https:\/\/arroyitoonline.com.ar\/index.php?rest_route=\/wp\/v2\/posts"}],"about":[{"href":"https:\/\/arroyitoonline.com.ar\/index.php?rest_route=\/wp\/v2\/types\/post"}],"author":[{"embeddable":true,"href":"https:\/\/arroyitoonline.com.ar\/index.php?rest_route=\/wp\/v2\/users\/3"}],"replies":[{"embeddable":true,"href":"https:\/\/arroyitoonline.com.ar\/index.php?rest_route=%2Fwp%2Fv2%2Fcomments&post=5826"}],"version-history":[{"count":1,"href":"https:\/\/arroyitoonline.com.ar\/index.php?rest_route=\/wp\/v2\/posts\/5826\/revisions"}],"predecessor-version":[{"id":5828,"href":"https:\/\/arroyitoonline.com.ar\/index.php?rest_route=\/wp\/v2\/posts\/5826\/revisions\/5828"}],"wp:featuredmedia":[{"embeddable":true,"href":"https:\/\/arroyitoonline.com.ar\/index.php?rest_route=\/wp\/v2\/media\/5827"}],"wp:attachment":[{"href":"https:\/\/arroyitoonline.com.ar\/index.php?rest_route=%2Fwp%2Fv2%2Fmedia&parent=5826"}],"wp:term":[{"taxonomy":"category","embeddable":true,"href":"https:\/\/arroyitoonline.com.ar\/index.php?rest_route=%2Fwp%2Fv2%2Fcategories&post=5826"},{"taxonomy":"post_tag","embeddable":true,"href":"https:\/\/arroyitoonline.com.ar\/index.php?rest_route=%2Fwp%2Fv2%2Ftags&post=5826"}],"curies":[{"name":"wp","href":"https:\/\/api.w.org\/{rel}","templated":true}]}}