{"id":5829,"date":"2019-09-20T15:42:59","date_gmt":"2019-09-20T15:42:59","guid":{"rendered":"https:\/\/arroyitoonline.com.ar\/?p=5829"},"modified":"2019-09-22T15:52:04","modified_gmt":"2019-09-22T15:52:04","slug":"la-escuela-manuel-belgrano-presento-el-proyecto-somos-arroyitenses-de-corazon","status":"publish","type":"post","link":"https:\/\/arroyitoonline.com.ar\/?p=5829","title":{"rendered":"La Escuela Manuel Belgrano present\u00f3 el proyecto Somos arroyitenses de coraz\u00f3n"},"content":{"rendered":"\n<p><strong>Su finalidad es la concientizaci\u00f3n del cuidado y la conservaci\u00f3n del Patrimonio cultural, natural y arquitect\u00f3nico de la ciudad.<\/strong><\/p>\n\n\n\n<p>El mi\u00e9rcoles 18, la viceintendente Graciela Tristany recibi\u00f3 la visita de alumnos de 6\u00ba grado de la Escuela Manuel Belgrano acompa\u00f1ados por la maestra Patricia Priotto y el director del Museo Municipal Gustavo Pav\u00f3n.<\/p>\n\n\n\n<p>En la oportunidad, los chicos explicaron al Poder Ejecutivo el proyecto Somos arroyitenses de coraz\u00f3n hacia el Camino a\u00a0las Letras, en el marco de los 150 a\u00f1os que cumple esa instituci\u00f3n educativa, como legado de esta conmemoraci\u00f3n, y que fue presentado en la Feria de Ciencias, que se desarroll\u00f3 el jueves pasado, en la vecina localidad de Tr\u00e1nsito.<\/p>\n\n\n\n<p>Este proyecto, tiene como finalidad la concientizaci\u00f3n del cuidado y conservaci\u00f3n del Patrimonio cultural, natural y arquitect\u00f3nico de la ciudad de Arroyito, revalorizando los edificios e instituciones que est\u00e1n ubicadas alrededor del Centro c\u00edvico actual: Municipalidad, Casa de la Cultura, Cenpa, Comisar\u00eda, Museo, Templo Parroquial, Jard\u00edn de Infantes Jos\u00e9 Mar\u00eda Paz, escuela Jos\u00e9 Mar\u00eda Paz, Escuela Manuel Belgrano, Correo, Biblioteca Municipal, Centro de Jubilados y Pensionados escuela Hermanas Mercedarias.<\/p>\n\n\n\n<p>Fuente: Prensa Municipal. <\/p>\n","protected":false},"excerpt":{"rendered":"<p>Su finalidad es la concientizaci\u00f3n del cuidado y la conservaci\u00f3n del Patrimonio cultural, natural y arquitect\u00f3nico de la ciudad. El&hellip;<\/p>\n","protected":false},"author":3,"featured_media":5831,"comment_status":"closed","ping_status":"open","sticky":false,"template":"","format":"standard","meta":{"footnotes":""},"categories":[2,830],"tags":[66,67,836,259,864,310,339,345,346,572],"class_list":["post-5829","post","type-post","status-publish","format-standard","has-post-thumbnail","hentry","category-cultura-y-espectaculos","category-educacion-online","tag-arroyito","tag-arroyito-cordoba","tag-arroyito-online","tag-cultura","tag-cultura-y-espectaculos-online","tag-educacion","tag-escuela","tag-escuela-jose-maria-paz","tag-escuela-manuel-belgrano","tag-noticias-de-arroyito-y-zona"],"_links":{"self":[{"href":"https:\/\/arroyitoonline.com.ar\/index.php?rest_route=\/wp\/v2\/posts\/5829","targetHints":{"allow":["GET"]}}],"collection":[{"href":"https:\/\/arroyitoonline.com.ar\/index.php?rest_route=\/wp\/v2\/posts"}],"about":[{"href":"https:\/\/arroyitoonline.com.ar\/index.php?rest_route=\/wp\/v2\/types\/post"}],"author":[{"embeddable":true,"href":"https:\/\/arroyitoonline.com.ar\/index.php?rest_route=\/wp\/v2\/users\/3"}],"replies":[{"embeddable":true,"href":"https:\/\/arroyitoonline.com.ar\/index.php?rest_route=%2Fwp%2Fv2%2Fcomments&post=5829"}],"version-history":[{"count":1,"href":"https:\/\/arroyitoonline.com.ar\/index.php?rest_route=\/wp\/v2\/posts\/5829\/revisions"}],"predecessor-version":[{"id":5832,"href":"https:\/\/arroyitoonline.com.ar\/index.php?rest_route=\/wp\/v2\/posts\/5829\/revisions\/5832"}],"wp:featuredmedia":[{"embeddable":true,"href":"https:\/\/arroyitoonline.com.ar\/index.php?rest_route=\/wp\/v2\/media\/5831"}],"wp:attachment":[{"href":"https:\/\/arroyitoonline.com.ar\/index.php?rest_route=%2Fwp%2Fv2%2Fmedia&parent=5829"}],"wp:term":[{"taxonomy":"category","embeddable":true,"href":"https:\/\/arroyitoonline.com.ar\/index.php?rest_route=%2Fwp%2Fv2%2Fcategories&post=5829"},{"taxonomy":"post_tag","embeddable":true,"href":"https:\/\/arroyitoonline.com.ar\/index.php?rest_route=%2Fwp%2Fv2%2Ftags&post=5829"}],"curies":[{"name":"wp","href":"https:\/\/api.w.org\/{rel}","templated":true}]}}