{"id":5833,"date":"2019-09-20T15:54:10","date_gmt":"2019-09-20T15:54:10","guid":{"rendered":"https:\/\/arroyitoonline.com.ar\/?p=5833"},"modified":"2019-09-22T16:06:45","modified_gmt":"2019-09-22T16:06:45","slug":"el-consejo-de-la-mujer-se-reunio-planifico-actividades-y-celebro-la-primavera","status":"publish","type":"post","link":"https:\/\/arroyitoonline.com.ar\/?p=5833","title":{"rendered":"El Consejo de la Mujer se reuni\u00f3, planific\u00f3 actividades y celebr\u00f3 la primavera"},"content":{"rendered":"\n<p><strong>En esta ocasi\u00f3n, nuevas mujeres que eligieron sumarse a este grupo que crece y se renueva.<\/strong><\/p>\n\n\n\n<p>El jueves 19 de septiembre, se reunieron integrantes del Consejo de la Mujer, en las instalaciones del sal\u00f3n Crejma. En la oportunidad, hablaron de pr\u00f3ximos eventos, coordinaron acciones y festejaron por anticipado el comienzo de la primavera.<\/p>\n\n\n\n<p>En esta ocasi\u00f3n, nuevas mujeres que eligieron sumarse a este grupo que crece y se renueva resultando una tarde amena, de mates, comidas compartidas, juegos, numerosas ideas,\u00a0planificaci\u00f3n para lo que resta del a\u00f1o y an\u00e1lisis de las actividades desarrolladas en el pasado, recordando\u00a0 el impacto que tuvieron en la sociedad.<\/p>\n\n\n\n<p>Estuvieron presentes: viceintendente Graciela Tristany, coordinadora del Consejo de la Mujer Edith Brav\u00edn, asistente Social Soledad Castillo y mujeres miembros. <\/p>\n\n\n\n<p>Fuente: Prensa Municipal. <\/p>\n","protected":false},"excerpt":{"rendered":"<p>En esta ocasi\u00f3n, nuevas mujeres que eligieron sumarse a este grupo que crece y se renueva. El jueves 19 de&hellip;<\/p>\n","protected":false},"author":3,"featured_media":5834,"comment_status":"closed","ping_status":"open","sticky":false,"template":"","format":"standard","meta":{"footnotes":""},"categories":[877],"tags":[66,67,836,232,878,572],"class_list":["post-5833","post","type-post","status-publish","format-standard","has-post-thumbnail","hentry","category-noti-mujer-online","tag-arroyito","tag-arroyito-cordoba","tag-arroyito-online","tag-consejo-de-la-mujer","tag-noti-mujer-online","tag-noticias-de-arroyito-y-zona"],"_links":{"self":[{"href":"https:\/\/arroyitoonline.com.ar\/index.php?rest_route=\/wp\/v2\/posts\/5833","targetHints":{"allow":["GET"]}}],"collection":[{"href":"https:\/\/arroyitoonline.com.ar\/index.php?rest_route=\/wp\/v2\/posts"}],"about":[{"href":"https:\/\/arroyitoonline.com.ar\/index.php?rest_route=\/wp\/v2\/types\/post"}],"author":[{"embeddable":true,"href":"https:\/\/arroyitoonline.com.ar\/index.php?rest_route=\/wp\/v2\/users\/3"}],"replies":[{"embeddable":true,"href":"https:\/\/arroyitoonline.com.ar\/index.php?rest_route=%2Fwp%2Fv2%2Fcomments&post=5833"}],"version-history":[{"count":1,"href":"https:\/\/arroyitoonline.com.ar\/index.php?rest_route=\/wp\/v2\/posts\/5833\/revisions"}],"predecessor-version":[{"id":5835,"href":"https:\/\/arroyitoonline.com.ar\/index.php?rest_route=\/wp\/v2\/posts\/5833\/revisions\/5835"}],"wp:featuredmedia":[{"embeddable":true,"href":"https:\/\/arroyitoonline.com.ar\/index.php?rest_route=\/wp\/v2\/media\/5834"}],"wp:attachment":[{"href":"https:\/\/arroyitoonline.com.ar\/index.php?rest_route=%2Fwp%2Fv2%2Fmedia&parent=5833"}],"wp:term":[{"taxonomy":"category","embeddable":true,"href":"https:\/\/arroyitoonline.com.ar\/index.php?rest_route=%2Fwp%2Fv2%2Fcategories&post=5833"},{"taxonomy":"post_tag","embeddable":true,"href":"https:\/\/arroyitoonline.com.ar\/index.php?rest_route=%2Fwp%2Fv2%2Ftags&post=5833"}],"curies":[{"name":"wp","href":"https:\/\/api.w.org\/{rel}","templated":true}]}}