{"id":5836,"date":"2019-09-22T17:04:59","date_gmt":"2019-09-22T17:04:59","guid":{"rendered":"https:\/\/arroyitoonline.com.ar\/?p=5836"},"modified":"2020-11-11T12:34:44","modified_gmt":"2020-11-11T12:34:44","slug":"la-anonima-dono-600-libros-y-su-director-visito-la-biblioteca-municipal","status":"publish","type":"post","link":"https:\/\/arroyitoonline.com.ar\/?p=5836","title":{"rendered":"La An\u00f3nima don\u00f3 600 libros y su director visit\u00f3 la Biblioteca Municipal"},"content":{"rendered":"\n<p><strong>Los ejemplares fueron dispuestos en la nueva ampliaci\u00f3n del edificio, que est\u00e1 destinada a ni\u00f1os y j\u00f3venes y lleva el nombre de Ana Teresa Pretto.<\/strong><\/p>\n\n\n\n<p>El jueves pasado, lleg\u00f3 a Arroyito el director de la empresa La An\u00f3nima, Juan Jos\u00e9&nbsp; Badano, y la integrante de la Fundaci\u00f3n&nbsp;Leer, Mar\u00eda Frexas de Braun,&nbsp;con motivo&nbsp;del 35\u00b0 Aniversario de la Biblioteca Municipal Popular Almafuerte y&nbsp;de la ampliaci\u00f3n edilicia&nbsp;del sector Infanto Juvenil.<\/p>\n\n\n\n<p>Esta remodelaci\u00f3n se logr\u00f3 con el apoyo de la Municipalidad local y de la Fundaci\u00f3n Leer, que gestion\u00f3 el patrocinio de La An\u00f3nima, que colabor\u00f3 con un pil\u00f3n de 600 libros nuevos\u00a0y\u00a0enseres para el sector.<\/p>\n\n\n\n<p>Badano y Frexas de Braun fueron recibidos por la directora de la Biblioteca, Norma Ferreyra;&nbsp;Ana Pizzi de Bonino, representante de la Comisi\u00f3n de Apoyo; el intendente Mauricio Cravero; la viceintendente Graciela Tristany, y los secretarios de Obras P\u00fablicas y Gobierno Daniel Lafarina e Ignacio Cabello.&nbsp;<\/p>\n\n\n\n<p>Fue una reuni\u00f3n enriquecedora donde se habl\u00f3&nbsp;sobre los proyectos actuales, como por ejemplo la pr\u00f3xima Marat\u00f3n Nacional de Lectura, que se desarrollar\u00e1 el 27 de septiembre y sobre otros programas a&nbsp;futuro.&nbsp;&nbsp;<\/p>\n\n\n\n<p>Qued\u00f3 establecido un compromiso mutuo para seguir bregando por la lectura, involucrando a otras Instituciones de nuestra comunidad, con el fin de que se estimule su importancia desde la ni\u00f1ez, a trav\u00e9s de distintas pr\u00e1cticas&nbsp;lectoras.<\/p>\n\n\n\n<p><em>&#8220;Nuestras visitas se fueron con sus expectativas satisfechas y deslumbrados por haber encontrado nuestra casa din\u00e1mica, funcional, actualizada, renovada y abierta a toda la comunidad&#8221;<\/em>, se\u00f1alaron desde la Biblioteca, al tiempo que agregaron que <em>&#8220;Nos sentimos sumamente complacidos con la respuesta de La An\u00f3nima, lo cual nos insta a seguir con nuestro trabajo fortaleci\u00e9ndonos&#8221;<\/em>.<\/p>\n\n\n\n<p>Fuente: Prensa Municipal. <\/p>\n","protected":false},"excerpt":{"rendered":"<p>Los ejemplares fueron dispuestos en la nueva ampliaci\u00f3n del edificio, que est\u00e1 destinada a ni\u00f1os y j\u00f3venes y lleva el&hellip;<\/p>\n","protected":false},"author":3,"featured_media":5837,"comment_status":"closed","ping_status":"open","sticky":false,"template":"","format":"standard","meta":{"footnotes":""},"categories":[2],"tags":[66,67,836,117,886,253,944,527,555,556,572],"class_list":["post-5836","post","type-post","status-publish","format-standard","has-post-thumbnail","hentry","category-cultura-y-espectaculos","tag-arroyito","tag-arroyito-cordoba","tag-arroyito-online","tag-biblioteca","tag-biblioteca-municipal-popular-almafuerte","tag-cravero","tag-la-anonima","tag-mauricio-cravero","tag-municipalidad","tag-municipalidad-de-arroyito","tag-noticias-de-arroyito-y-zona"],"_links":{"self":[{"href":"https:\/\/arroyitoonline.com.ar\/index.php?rest_route=\/wp\/v2\/posts\/5836","targetHints":{"allow":["GET"]}}],"collection":[{"href":"https:\/\/arroyitoonline.com.ar\/index.php?rest_route=\/wp\/v2\/posts"}],"about":[{"href":"https:\/\/arroyitoonline.com.ar\/index.php?rest_route=\/wp\/v2\/types\/post"}],"author":[{"embeddable":true,"href":"https:\/\/arroyitoonline.com.ar\/index.php?rest_route=\/wp\/v2\/users\/3"}],"replies":[{"embeddable":true,"href":"https:\/\/arroyitoonline.com.ar\/index.php?rest_route=%2Fwp%2Fv2%2Fcomments&post=5836"}],"version-history":[{"count":3,"href":"https:\/\/arroyitoonline.com.ar\/index.php?rest_route=\/wp\/v2\/posts\/5836\/revisions"}],"predecessor-version":[{"id":10800,"href":"https:\/\/arroyitoonline.com.ar\/index.php?rest_route=\/wp\/v2\/posts\/5836\/revisions\/10800"}],"wp:featuredmedia":[{"embeddable":true,"href":"https:\/\/arroyitoonline.com.ar\/index.php?rest_route=\/wp\/v2\/media\/5837"}],"wp:attachment":[{"href":"https:\/\/arroyitoonline.com.ar\/index.php?rest_route=%2Fwp%2Fv2%2Fmedia&parent=5836"}],"wp:term":[{"taxonomy":"category","embeddable":true,"href":"https:\/\/arroyitoonline.com.ar\/index.php?rest_route=%2Fwp%2Fv2%2Fcategories&post=5836"},{"taxonomy":"post_tag","embeddable":true,"href":"https:\/\/arroyitoonline.com.ar\/index.php?rest_route=%2Fwp%2Fv2%2Ftags&post=5836"}],"curies":[{"name":"wp","href":"https:\/\/api.w.org\/{rel}","templated":true}]}}