{"id":5840,"date":"2019-09-22T21:19:41","date_gmt":"2019-09-22T21:19:41","guid":{"rendered":"https:\/\/arroyitoonline.com.ar\/?p=5840"},"modified":"2019-09-22T21:19:43","modified_gmt":"2019-09-22T21:19:43","slug":"se-viene-la-eleccion-de-la-reina-de-arroyito","status":"publish","type":"post","link":"https:\/\/arroyitoonline.com.ar\/?p=5840","title":{"rendered":"Se viene la elecci\u00f3n de la Reina de Arroyito"},"content":{"rendered":"\n<p><strong>La selecci\u00f3n se har\u00e1 en el marco de la XXIV Feria Nacional de Artesan\u00edas, a realizarse en la Plaza 25 de Mayo.<\/strong><\/p>\n\n\n\n<p>La direcci\u00f3n municipal de Cultura ha enviado a todas las instituciones, la invitaci\u00f3n para que presenten postulantes de cara a la\u00a0elecci\u00f3n de la reina local, que se desarrollr\u00e1 el s\u00e1bado 12 de octubre, en el marco de la XXIV Feria Nacional de Artesan\u00edas, en la Plaza 25 de mayo.<\/p>\n\n\n\n<p>La electa nos representar\u00e1 en la selecci\u00f3n de la soberana de la Fiesta de la Dulce Ciudad del Pa\u00eds, a realizarse en el mes de noviembre.<\/p>\n\n\n\n<p>Adem\u00e1s solicitaron a todas las instituciones que retiren, de la Casa de la Cultura, las Planillas de inscripci\u00f3n de las postulantes y que si hubiese alguna que no haya recibido la invitaci\u00f3n podr\u00e1 solicitarla en la\u00a0secretar\u00eda de la misma repartici\u00f3n municipal.<\/p>\n\n\n\n<p><em>&#8220;Ya nos estamos preparando para recibir la Fiesta que a todos nos identifica y representa en el pa\u00eds, la Dulce Ciudad!!!&#8221;<\/em>, indicaron desde el Municipio. <\/p>\n\n\n\n<p>Fuente: Prensa Municipal.<\/p>\n\n\n\n<p>Foto de archivo: Virginia Paviotti, reina local 2018.<\/p>\n","protected":false},"excerpt":{"rendered":"<p>La selecci\u00f3n se har\u00e1 en el marco de la XXIV Feria Nacional de Artesan\u00edas, a realizarse en la Plaza 25&hellip;<\/p>\n","protected":false},"author":3,"featured_media":5842,"comment_status":"closed","ping_status":"open","sticky":false,"template":"","format":"standard","meta":{"footnotes":""},"categories":[2],"tags":[66,67,836,1030,373,556,572,679],"class_list":["post-5840","post","type-post","status-publish","format-standard","has-post-thumbnail","hentry","category-cultura-y-espectaculos","tag-arroyito","tag-arroyito-cordoba","tag-arroyito-online","tag-feria-nacional-de-artesanias","tag-fiesta-de-la-dulce-ciudad","tag-municipalidad-de-arroyito","tag-noticias-de-arroyito-y-zona","tag-reina"],"_links":{"self":[{"href":"https:\/\/arroyitoonline.com.ar\/index.php?rest_route=\/wp\/v2\/posts\/5840","targetHints":{"allow":["GET"]}}],"collection":[{"href":"https:\/\/arroyitoonline.com.ar\/index.php?rest_route=\/wp\/v2\/posts"}],"about":[{"href":"https:\/\/arroyitoonline.com.ar\/index.php?rest_route=\/wp\/v2\/types\/post"}],"author":[{"embeddable":true,"href":"https:\/\/arroyitoonline.com.ar\/index.php?rest_route=\/wp\/v2\/users\/3"}],"replies":[{"embeddable":true,"href":"https:\/\/arroyitoonline.com.ar\/index.php?rest_route=%2Fwp%2Fv2%2Fcomments&post=5840"}],"version-history":[{"count":1,"href":"https:\/\/arroyitoonline.com.ar\/index.php?rest_route=\/wp\/v2\/posts\/5840\/revisions"}],"predecessor-version":[{"id":5843,"href":"https:\/\/arroyitoonline.com.ar\/index.php?rest_route=\/wp\/v2\/posts\/5840\/revisions\/5843"}],"wp:featuredmedia":[{"embeddable":true,"href":"https:\/\/arroyitoonline.com.ar\/index.php?rest_route=\/wp\/v2\/media\/5842"}],"wp:attachment":[{"href":"https:\/\/arroyitoonline.com.ar\/index.php?rest_route=%2Fwp%2Fv2%2Fmedia&parent=5840"}],"wp:term":[{"taxonomy":"category","embeddable":true,"href":"https:\/\/arroyitoonline.com.ar\/index.php?rest_route=%2Fwp%2Fv2%2Fcategories&post=5840"},{"taxonomy":"post_tag","embeddable":true,"href":"https:\/\/arroyitoonline.com.ar\/index.php?rest_route=%2Fwp%2Fv2%2Ftags&post=5840"}],"curies":[{"name":"wp","href":"https:\/\/api.w.org\/{rel}","templated":true}]}}