{"id":5865,"date":"2019-09-24T15:42:18","date_gmt":"2019-09-24T15:42:18","guid":{"rendered":"https:\/\/arroyitoonline.com.ar\/?p=5865"},"modified":"2019-09-24T15:42:19","modified_gmt":"2019-09-24T15:42:19","slug":"ruta-19-volco-un-camion-que-llevaba-tablones-de-madera","status":"publish","type":"post","link":"https:\/\/arroyitoonline.com.ar\/?p=5865","title":{"rendered":"Ruta 19: volc\u00f3 un cami\u00f3n que llevaba tablones de madera"},"content":{"rendered":"\n<p><strong>Fue a la altura del Km 215, entre El Fuertecito y El T\u00edo. El conductor est\u00e1 fuera de peligro.<\/strong><\/p>\n\n\n\n<p>El viernes 20, a las 13:45 horas, se produjo un accidente de tr\u00e1nsito sobre ruta 19 a la altura del kil\u00f3metro 215, entre el Paraje El Fuertecito y la localidad de El T\u00edo.<\/p>\n\n\n\n<p>Por causas que tratan de establecerse, un cami\u00f3n Mercedes Benz conducido por un hombre de 45 a\u00f1os oriundo de Concordia (Entre R\u00edos), perdi\u00f3 el control volcando el veh\u00edculo y su carga sobre el asfalto. <\/p>\n\n\n\n<p>Esto hizo que la ruta permaneciera cortada durante un largo lapso. El cami\u00f3n ven\u00eda cargado con maderas tipo tablones de pino. Como consecuencia del siniestro result\u00f3 con lesiones de car\u00e1cter reservadas el conductor, pero ya se encuentra fuera de peligro.<\/p>\n\n\n\n<p>Fuente: informe del comisario Insp. Pablo Berardo, jefe de Zona de Inspecci\u00f3n N\u00ba 4, para Ok FM Arroyito 95.5.<\/p>\n","protected":false},"excerpt":{"rendered":"<p>Fue a la altura del Km 215, entre El Fuertecito y El T\u00edo. El conductor est\u00e1 fuera de peligro. El&hellip;<\/p>\n","protected":false},"author":3,"featured_media":5866,"comment_status":"closed","ping_status":"open","sticky":false,"template":"","format":"standard","meta":{"footnotes":""},"categories":[824],"tags":[22,23,66,67,836,315,316,572,637,638,825,698,701],"class_list":["post-5865","post","type-post","status-publish","format-standard","has-post-thumbnail","hentry","category-policiales-online","tag-accidente","tag-accidentes","tag-arroyito","tag-arroyito-cordoba","tag-arroyito-online","tag-el-fuertecito","tag-el-tio","tag-noticias-de-arroyito-y-zona","tag-policiales","tag-policiales-arroyito","tag-policiales-online","tag-ruta-19","tag-ruta-nacional-n-19"],"_links":{"self":[{"href":"https:\/\/arroyitoonline.com.ar\/index.php?rest_route=\/wp\/v2\/posts\/5865","targetHints":{"allow":["GET"]}}],"collection":[{"href":"https:\/\/arroyitoonline.com.ar\/index.php?rest_route=\/wp\/v2\/posts"}],"about":[{"href":"https:\/\/arroyitoonline.com.ar\/index.php?rest_route=\/wp\/v2\/types\/post"}],"author":[{"embeddable":true,"href":"https:\/\/arroyitoonline.com.ar\/index.php?rest_route=\/wp\/v2\/users\/3"}],"replies":[{"embeddable":true,"href":"https:\/\/arroyitoonline.com.ar\/index.php?rest_route=%2Fwp%2Fv2%2Fcomments&post=5865"}],"version-history":[{"count":1,"href":"https:\/\/arroyitoonline.com.ar\/index.php?rest_route=\/wp\/v2\/posts\/5865\/revisions"}],"predecessor-version":[{"id":5867,"href":"https:\/\/arroyitoonline.com.ar\/index.php?rest_route=\/wp\/v2\/posts\/5865\/revisions\/5867"}],"wp:featuredmedia":[{"embeddable":true,"href":"https:\/\/arroyitoonline.com.ar\/index.php?rest_route=\/wp\/v2\/media\/5866"}],"wp:attachment":[{"href":"https:\/\/arroyitoonline.com.ar\/index.php?rest_route=%2Fwp%2Fv2%2Fmedia&parent=5865"}],"wp:term":[{"taxonomy":"category","embeddable":true,"href":"https:\/\/arroyitoonline.com.ar\/index.php?rest_route=%2Fwp%2Fv2%2Fcategories&post=5865"},{"taxonomy":"post_tag","embeddable":true,"href":"https:\/\/arroyitoonline.com.ar\/index.php?rest_route=%2Fwp%2Fv2%2Ftags&post=5865"}],"curies":[{"name":"wp","href":"https:\/\/api.w.org\/{rel}","templated":true}]}}