{"id":5868,"date":"2019-09-24T16:24:58","date_gmt":"2019-09-24T16:24:58","guid":{"rendered":"https:\/\/arroyitoonline.com.ar\/?p=5868"},"modified":"2019-09-24T17:11:52","modified_gmt":"2019-09-24T17:11:52","slug":"dos-jovenes-chocaron-con-la-moto-la-acompanante-cayo-y-la-conductora-huyo","status":"publish","type":"post","link":"https:\/\/arroyitoonline.com.ar\/?p=5868","title":{"rendered":"Dos j\u00f3venes chocaron con la moto: la acompa\u00f1ante cay\u00f3 y la conductora huy\u00f3"},"content":{"rendered":"\n<p><strong>La joven que manejaba el rodado fue identificada por la Polic\u00eda. Es menor de edad e inhabilitada para la conducci\u00f3n de ese veh\u00edculo.<\/strong><\/p>\n\n\n\n<p>El viernes 20 se produjo un accidente, en la intersecci\u00f3n de las avenidas Pont\u00edn y Moreno. Un Chevorlet Celta conducido por un joven (27) andaba por Moreno. Cuando lleg\u00f3 a Pont\u00edn colision\u00f3 con una moto, en la cual iban dos mujeres.<\/p>\n\n\n\n<p>Como consecuencia del siniestro, la acompa\u00f1ante cay\u00f3 a la carpeta asf\u00e1ltica y la conductora se dio a la fuga.<\/p>\n\n\n\n<p>Se hizo presente en el lugar, el servicio de Emergencias que la traslad\u00f3 al hospital, constat\u00e1ndose que no ten\u00eda lesiones de consideraci\u00f3n.<\/p>\n\n\n\n<p>La conductora fugada fue identificada por la Polic\u00eda, siendo menor de edad inhabilitada para la conducci\u00f3n de una moto de esas caracter\u00edsticas, motivo por el cual se cree que huy\u00f3 tras la colisi\u00f3n.<\/p>\n\n\n\n<p>Fuente: informe del comisario Insp. Pablo Berardo, jefe de Zona de Inspecci\u00f3n N\u00ba 4, para Ok FM Arroyito. <\/p>\n","protected":false},"excerpt":{"rendered":"<p>La joven que manejaba el rodado fue identificada por la Polic\u00eda. Es menor de edad e inhabilitada para la conducci\u00f3n&hellip;<\/p>\n","protected":false},"author":3,"featured_media":2722,"comment_status":"closed","ping_status":"open","sticky":false,"template":"","format":"standard","meta":{"footnotes":""},"categories":[824],"tags":[22,23,66,67,836,471,547,572,635,637,638,825],"class_list":["post-5868","post","type-post","status-publish","format-standard","has-post-thumbnail","hentry","category-policiales-online","tag-accidente","tag-accidentes","tag-arroyito","tag-arroyito-cordoba","tag-arroyito-online","tag-jovenes","tag-motos","tag-noticias-de-arroyito-y-zona","tag-policia","tag-policiales","tag-policiales-arroyito","tag-policiales-online"],"_links":{"self":[{"href":"https:\/\/arroyitoonline.com.ar\/index.php?rest_route=\/wp\/v2\/posts\/5868","targetHints":{"allow":["GET"]}}],"collection":[{"href":"https:\/\/arroyitoonline.com.ar\/index.php?rest_route=\/wp\/v2\/posts"}],"about":[{"href":"https:\/\/arroyitoonline.com.ar\/index.php?rest_route=\/wp\/v2\/types\/post"}],"author":[{"embeddable":true,"href":"https:\/\/arroyitoonline.com.ar\/index.php?rest_route=\/wp\/v2\/users\/3"}],"replies":[{"embeddable":true,"href":"https:\/\/arroyitoonline.com.ar\/index.php?rest_route=%2Fwp%2Fv2%2Fcomments&post=5868"}],"version-history":[{"count":2,"href":"https:\/\/arroyitoonline.com.ar\/index.php?rest_route=\/wp\/v2\/posts\/5868\/revisions"}],"predecessor-version":[{"id":5871,"href":"https:\/\/arroyitoonline.com.ar\/index.php?rest_route=\/wp\/v2\/posts\/5868\/revisions\/5871"}],"wp:featuredmedia":[{"embeddable":true,"href":"https:\/\/arroyitoonline.com.ar\/index.php?rest_route=\/wp\/v2\/media\/2722"}],"wp:attachment":[{"href":"https:\/\/arroyitoonline.com.ar\/index.php?rest_route=%2Fwp%2Fv2%2Fmedia&parent=5868"}],"wp:term":[{"taxonomy":"category","embeddable":true,"href":"https:\/\/arroyitoonline.com.ar\/index.php?rest_route=%2Fwp%2Fv2%2Fcategories&post=5868"},{"taxonomy":"post_tag","embeddable":true,"href":"https:\/\/arroyitoonline.com.ar\/index.php?rest_route=%2Fwp%2Fv2%2Ftags&post=5868"}],"curies":[{"name":"wp","href":"https:\/\/api.w.org\/{rel}","templated":true}]}}