{"id":5870,"date":"2019-09-23T20:06:33","date_gmt":"2019-09-23T20:06:33","guid":{"rendered":"https:\/\/arroyitoonline.com.ar\/?p=5870"},"modified":"2019-09-24T17:20:41","modified_gmt":"2019-09-24T17:20:41","slug":"el-cierre-de-los-boliches-dejo-dos-detenidos-uno-en-arroyito-y-otro-en-la-francia","status":"publish","type":"post","link":"https:\/\/arroyitoonline.com.ar\/?p=5870","title":{"rendered":"El cierre de los boliches dej\u00f3 dos detenidos, uno en Arroyito y otro en La Francia"},"content":{"rendered":"\n<p><strong>Se trata de dos j\u00f3venes, ambos de 22 a\u00f1os, que fueron aprehendidos por resistencia a la autoridad.<\/strong><\/p>\n\n\n\n<p>El s\u00e1bado 21, a las 6:00 AM, en el marco del cierre de los locales bailables de Arroyito, la Polic\u00eda local detuvo a un joven de 22 a\u00f1os el cual, momentos antes, se tom\u00f3 a golpes de pu\u00f1o en el interior del local y, a posterior, continu\u00f3 esta situaci\u00f3n fuera.<\/p>\n\n\n\n<p>El hecho dio pi\u00e9 a la intervenci\u00f3n del uniformado. En consecuencia, el sujeto fue aprehendido y qued\u00f3 a disposici\u00f3n de la Fiscal\u00eda, por supuesto autor del delito de resistencia a la autoridad. <\/p>\n\n\n\n<p>El mismo d\u00eda, a las 7:00 AM pero en La Francia, otro joven de 22 a\u00f1os protagoniz\u00f3 una situaci\u00f3n parecida.<\/p>\n\n\n\n<p>El sujeto fue detenido y trasladado a la ciudad de San Francisco, al sector de Alcald\u00eda, quedando a disposici\u00f3n de la Dra. Mar\u00eda Eugenia Maldonado.<\/p>\n\n\n\n<p>Fuente: informe del comisario Insp. Pablo Berardo, jefe de Zona de Inspecci\u00f3n N\u00ba 4, para Ok FM Arroyito.<\/p>\n","protected":false},"excerpt":{"rendered":"<p>Se trata de dos j\u00f3venes, ambos de 22 a\u00f1os, que fueron aprehendidos por resistencia a la autoridad. El s\u00e1bado 21,&hellip;<\/p>\n","protected":false},"author":3,"featured_media":4281,"comment_status":"closed","ping_status":"open","sticky":false,"template":"","format":"standard","meta":{"footnotes":""},"categories":[824],"tags":[66,67,836,485,572,635,637,638,825,710],"class_list":["post-5870","post","type-post","status-publish","format-standard","has-post-thumbnail","hentry","category-policiales-online","tag-arroyito","tag-arroyito-cordoba","tag-arroyito-online","tag-la-francia","tag-noticias-de-arroyito-y-zona","tag-policia","tag-policiales","tag-policiales-arroyito","tag-policiales-online","tag-san-francisco"],"_links":{"self":[{"href":"https:\/\/arroyitoonline.com.ar\/index.php?rest_route=\/wp\/v2\/posts\/5870","targetHints":{"allow":["GET"]}}],"collection":[{"href":"https:\/\/arroyitoonline.com.ar\/index.php?rest_route=\/wp\/v2\/posts"}],"about":[{"href":"https:\/\/arroyitoonline.com.ar\/index.php?rest_route=\/wp\/v2\/types\/post"}],"author":[{"embeddable":true,"href":"https:\/\/arroyitoonline.com.ar\/index.php?rest_route=\/wp\/v2\/users\/3"}],"replies":[{"embeddable":true,"href":"https:\/\/arroyitoonline.com.ar\/index.php?rest_route=%2Fwp%2Fv2%2Fcomments&post=5870"}],"version-history":[{"count":1,"href":"https:\/\/arroyitoonline.com.ar\/index.php?rest_route=\/wp\/v2\/posts\/5870\/revisions"}],"predecessor-version":[{"id":5872,"href":"https:\/\/arroyitoonline.com.ar\/index.php?rest_route=\/wp\/v2\/posts\/5870\/revisions\/5872"}],"wp:featuredmedia":[{"embeddable":true,"href":"https:\/\/arroyitoonline.com.ar\/index.php?rest_route=\/wp\/v2\/media\/4281"}],"wp:attachment":[{"href":"https:\/\/arroyitoonline.com.ar\/index.php?rest_route=%2Fwp%2Fv2%2Fmedia&parent=5870"}],"wp:term":[{"taxonomy":"category","embeddable":true,"href":"https:\/\/arroyitoonline.com.ar\/index.php?rest_route=%2Fwp%2Fv2%2Fcategories&post=5870"},{"taxonomy":"post_tag","embeddable":true,"href":"https:\/\/arroyitoonline.com.ar\/index.php?rest_route=%2Fwp%2Fv2%2Ftags&post=5870"}],"curies":[{"name":"wp","href":"https:\/\/api.w.org\/{rel}","templated":true}]}}