{"id":5875,"date":"2019-09-25T02:45:13","date_gmt":"2019-09-25T02:45:13","guid":{"rendered":"https:\/\/arroyitoonline.com.ar\/?p=5875"},"modified":"2019-09-25T11:52:06","modified_gmt":"2019-09-25T11:52:06","slug":"lafarina-y-vercelli-presentaron-a-sus-precandidatos-a-concejales-y-tribunos-te-los-mostramos","status":"publish","type":"post","link":"https:\/\/arroyitoonline.com.ar\/?p=5875","title":{"rendered":"Lafarina y Vercelli presentaron a sus precandidatos a concejales y tribunos: te los mostramos"},"content":{"rendered":"\n<p><strong>Con un mix de j\u00f3venes y experimentados se completa esta lista, donde hay comerciantes, miembros de instituciones, emprendedores, militantes radicales, docentes, entre otros rubros.<\/strong><\/p>\n\n\n\n<p>Ayer a la tarde, en un c\u00e9ntrico resto bar de la ciudad, los precandidatos a intendente y vice, Daniel Lafarina y Viviana Vercelli, formalizaron la presentaci\u00f3n del espacio Radicales de Arroyito Unidos, con el cual competir\u00e1n en la interna de la UCR, que se realizar\u00e1 este domingo 29 de septiembre.<\/p>\n\n\n\n<p>Los comicios se desarrollar\u00e1n en las escuelas Jos\u00e9 Mar\u00eda Paz y Manuel Belgrano, de 8:00 a 18:00 horas, y podr\u00e1n sufragar los afiliados al partido centenario (alrededor de 2.000) y los independientes (m\u00e1s de 17.000).<\/p>\n\n\n\n<p>En la vereda del frente de los oficialistas estar\u00e1 el n\u00facleo Identidad Radical, representado a nivel local por la f\u00f3rmula Gloria Brizuela de Careto (intendente) y Eugenio Acosta (viceintendente). <\/p>\n\n\n\n<p><strong>La lista de Daniel y Viviana<\/strong><\/p>\n\n\n\n<p>Luego de cierto grado de hermetismo, fue presentada la lista completa de precandidatos a concejales y miembros del Tribunal de Cuentas titulares y suplentes, que acompa\u00f1ar\u00e1 al ingeniero civil y a la trabajadora social.<\/p>\n\n\n\n<p>El ecl\u00e9ctico grupo incluye j\u00f3venes y experimentados, con mayor\u00eda de afiliados, tal como lo exige la Carta Org\u00e1nica partidaria, que solo permite la inclusi\u00f3n de un 20% de independientes (cinco de 26). Ellos son:<\/p>\n\n\n\n<figure class=\"wp-block-image\"><img loading=\"lazy\" decoding=\"async\" width=\"1024\" height=\"768\" src=\"https:\/\/arroyitoonline.com.ar\/wp-content\/uploads\/2019\/09\/mauricio-cravero-1024x768.jpg\" alt=\"\" class=\"wp-image-5877\" srcset=\"https:\/\/arroyitoonline.com.ar\/wp-content\/uploads\/2019\/09\/mauricio-cravero-1024x768.jpg 1024w, https:\/\/arroyitoonline.com.ar\/wp-content\/uploads\/2019\/09\/mauricio-cravero-300x225.jpg 300w, https:\/\/arroyitoonline.com.ar\/wp-content\/uploads\/2019\/09\/mauricio-cravero-768x576.jpg 768w, https:\/\/arroyitoonline.com.ar\/wp-content\/uploads\/2019\/09\/mauricio-cravero.jpg 2048w\" sizes=\"auto, (max-width: 1024px) 100vw, 1024px\" \/><figcaption><strong>MAURICIO CRAVERO<\/strong>\u2502<em>precandidato a 1\u00ba concejal titular\u2502intendente de Arroyito (2011\u2013 2015 y 2015\u20132019)\u2502vicepresidente 2\u00ba del Comit\u00e9 Provincia Uni\u00f3n C\u00edvica Radical\u2502contador p\u00fablico\u2502docente en uso de licencia\u2502exsecretrio municipal de Hacienda y Finanzas y expresidente del Tribunal de Cuentas Municipal <\/em><\/figcaption><\/figure>\n\n\n\n<figure class=\"wp-block-image\"><img loading=\"lazy\" decoding=\"async\" width=\"1024\" height=\"768\" src=\"https:\/\/arroyitoonline.com.ar\/wp-content\/uploads\/2019\/09\/lidia-mart\u00ednez-1024x768.jpg\" alt=\"\" class=\"wp-image-5878\" srcset=\"https:\/\/arroyitoonline.com.ar\/wp-content\/uploads\/2019\/09\/lidia-mart\u00ednez-1024x768.jpg 1024w, https:\/\/arroyitoonline.com.ar\/wp-content\/uploads\/2019\/09\/lidia-mart\u00ednez-300x225.jpg 300w, https:\/\/arroyitoonline.com.ar\/wp-content\/uploads\/2019\/09\/lidia-mart\u00ednez-768x576.jpg 768w, https:\/\/arroyitoonline.com.ar\/wp-content\/uploads\/2019\/09\/lidia-mart\u00ednez.jpg 2048w\" sizes=\"auto, (max-width: 1024px) 100vw, 1024px\" \/><figcaption><strong>LIDIA MART\u00cdNEZ<\/strong>\u2502<em>precandidata a 2\u00aa concejala titular\u2502profesora y licenciada en Psicopedagog\u00eda\u2502exdirectora municipal de Cultura y Desarrollo Social\u2502Referente de Arroyito Pide la Palabra<\/em><\/figcaption><\/figure>\n\n\n\n<figure class=\"wp-block-image\"><img loading=\"lazy\" decoding=\"async\" width=\"1024\" height=\"768\" src=\"https:\/\/arroyitoonline.com.ar\/wp-content\/uploads\/2019\/09\/carlos-francisca-1024x768.jpg\" alt=\"\" class=\"wp-image-5879\" srcset=\"https:\/\/arroyitoonline.com.ar\/wp-content\/uploads\/2019\/09\/carlos-francisca-1024x768.jpg 1024w, https:\/\/arroyitoonline.com.ar\/wp-content\/uploads\/2019\/09\/carlos-francisca-300x225.jpg 300w, https:\/\/arroyitoonline.com.ar\/wp-content\/uploads\/2019\/09\/carlos-francisca-768x576.jpg 768w, https:\/\/arroyitoonline.com.ar\/wp-content\/uploads\/2019\/09\/carlos-francisca.jpg 2048w\" sizes=\"auto, (max-width: 1024px) 100vw, 1024px\" \/><figcaption><strong>CARLOS FRANCISCA<\/strong>\u2502<em>precandidato a 3\u00ba concejal titular\u2502expresidente (2007\u20132018) y exvicepresidente (2018\u20132019) de Asociaci\u00f3n Mutual Arroyito (AMA)\u2502exmiembro del directorio de SanCor\u2502productor agropecuario, ganadero y lechero<\/em> <\/figcaption><\/figure>\n\n\n\n<figure class=\"wp-block-image\"><img loading=\"lazy\" decoding=\"async\" width=\"1024\" height=\"768\" src=\"https:\/\/arroyitoonline.com.ar\/wp-content\/uploads\/2019\/09\/marcelo-barbero-1024x768.jpg\" alt=\"\" class=\"wp-image-5881\" srcset=\"https:\/\/arroyitoonline.com.ar\/wp-content\/uploads\/2019\/09\/marcelo-barbero-1024x768.jpg 1024w, https:\/\/arroyitoonline.com.ar\/wp-content\/uploads\/2019\/09\/marcelo-barbero-300x225.jpg 300w, https:\/\/arroyitoonline.com.ar\/wp-content\/uploads\/2019\/09\/marcelo-barbero-768x576.jpg 768w, https:\/\/arroyitoonline.com.ar\/wp-content\/uploads\/2019\/09\/marcelo-barbero.jpg 2048w\" sizes=\"auto, (max-width: 1024px) 100vw, 1024px\" \/><figcaption><strong>MARCELO BARBERO<\/strong><em>\u2502precandidato a 5\u00ba concejal titular\u2502presidente del Bochin Club Arroyito\u2502boch\u00f3filo destacado\u2502amplia trayectoria de gesti\u00f3n en la Municipalidad de Tr\u00e1nsito<\/em><\/figcaption><\/figure>\n\n\n\n<figure class=\"wp-block-image\"><img loading=\"lazy\" decoding=\"async\" width=\"1024\" height=\"768\" src=\"https:\/\/arroyitoonline.com.ar\/wp-content\/uploads\/2019\/09\/paola-p\u00e9rez-1024x768.jpg\" alt=\"\" class=\"wp-image-5882\" srcset=\"https:\/\/arroyitoonline.com.ar\/wp-content\/uploads\/2019\/09\/paola-p\u00e9rez-1024x768.jpg 1024w, https:\/\/arroyitoonline.com.ar\/wp-content\/uploads\/2019\/09\/paola-p\u00e9rez-300x225.jpg 300w, https:\/\/arroyitoonline.com.ar\/wp-content\/uploads\/2019\/09\/paola-p\u00e9rez-768x576.jpg 768w, https:\/\/arroyitoonline.com.ar\/wp-content\/uploads\/2019\/09\/paola-p\u00e9rez.jpg 2048w\" sizes=\"auto, (max-width: 1024px) 100vw, 1024px\" \/><figcaption><strong>PAOLA P\u00c9REZ<\/strong>\u2502<em>precandidata a 6\u00aa concejala titular\u2502licenciada en Nutrici\u00f3n\u2502referente de Arroyito Pide la Palabra\u2502integrante del Consejo Partidario del Comit\u00e9 Circuito Arroyito de la Uni\u00f3n C\u00edvica Radical<\/em><\/figcaption><\/figure>\n\n\n\n<figure class=\"wp-block-image\"><img loading=\"lazy\" decoding=\"async\" width=\"1024\" height=\"768\" src=\"https:\/\/arroyitoonline.com.ar\/wp-content\/uploads\/2019\/09\/carlos-goncebat-1024x768.jpg\" alt=\"\" class=\"wp-image-5884\" srcset=\"https:\/\/arroyitoonline.com.ar\/wp-content\/uploads\/2019\/09\/carlos-goncebat-1024x768.jpg 1024w, https:\/\/arroyitoonline.com.ar\/wp-content\/uploads\/2019\/09\/carlos-goncebat-300x225.jpg 300w, https:\/\/arroyitoonline.com.ar\/wp-content\/uploads\/2019\/09\/carlos-goncebat-768x576.jpg 768w, https:\/\/arroyitoonline.com.ar\/wp-content\/uploads\/2019\/09\/carlos-goncebat.jpg 2048w\" sizes=\"auto, (max-width: 1024px) 100vw, 1024px\" \/><figcaption><strong>CARLOS GONCEBAT<\/strong>\u2502<em>precandidato a 7\u00ba concejal titular\u2502profesor de Educaci\u00f3n F\u00edsica\u2502director del Ipetaym N\u00ba 68 Coronel Don Luis \u00c1lvarez\u2502jugador, docente y referente del Voley a nivel local<\/em><\/figcaption><\/figure>\n\n\n\n<figure class=\"wp-block-image\"><img loading=\"lazy\" decoding=\"async\" width=\"1024\" height=\"768\" src=\"https:\/\/arroyitoonline.com.ar\/wp-content\/uploads\/2019\/09\/mariela-galimbertti-1024x768.jpg\" alt=\"\" class=\"wp-image-5885\" srcset=\"https:\/\/arroyitoonline.com.ar\/wp-content\/uploads\/2019\/09\/mariela-galimbertti-1024x768.jpg 1024w, https:\/\/arroyitoonline.com.ar\/wp-content\/uploads\/2019\/09\/mariela-galimbertti-300x225.jpg 300w, https:\/\/arroyitoonline.com.ar\/wp-content\/uploads\/2019\/09\/mariela-galimbertti-768x576.jpg 768w, https:\/\/arroyitoonline.com.ar\/wp-content\/uploads\/2019\/09\/mariela-galimbertti.jpg 2048w\" sizes=\"auto, (max-width: 1024px) 100vw, 1024px\" \/><figcaption><strong>MARIELA GALIMBERTTI<\/strong>\u2502<em>precandidata a 8\u00aa concejala titular\u2502docente de Nivel Inicial\u2502encargada del Anexo Norte del Centro de Apoyo al Ni\u00f1o y la Familia (CANF) Virgen Ni\u00f1a, m\u00e1s conocido como guarder\u00eda municipal\u2502Tiene su propia guarder\u00eda, la que empez\u00f3 como un proyecto familiar y hoy es, del \u00e1mbito privado, una de las m\u00e1s grandes de la ciudad\u2502colaboradora en eventos solidarios para ni\u00f1os<\/em><\/figcaption><\/figure>\n\n\n\n<figure class=\"wp-block-image\"><img loading=\"lazy\" decoding=\"async\" width=\"1024\" height=\"768\" src=\"https:\/\/arroyitoonline.com.ar\/wp-content\/uploads\/2019\/09\/juio-gabutti-1024x768.jpg\" alt=\"\" class=\"wp-image-5888\" srcset=\"https:\/\/arroyitoonline.com.ar\/wp-content\/uploads\/2019\/09\/juio-gabutti-1024x768.jpg 1024w, https:\/\/arroyitoonline.com.ar\/wp-content\/uploads\/2019\/09\/juio-gabutti-300x225.jpg 300w, https:\/\/arroyitoonline.com.ar\/wp-content\/uploads\/2019\/09\/juio-gabutti-768x576.jpg 768w, https:\/\/arroyitoonline.com.ar\/wp-content\/uploads\/2019\/09\/juio-gabutti.jpg 2048w\" sizes=\"auto, (max-width: 1024px) 100vw, 1024px\" \/><figcaption><strong>JULIO GABUTTI<\/strong>\u2502<em>precandidato a 9\u00ba concejal titular\u2502encargado de comercio c\u00e9ntrico\u2502presidente de la Sub\u2013Comisi\u00f3n de F\u00fatbol Menor del Club Sportivo 24 de Septiembre, realizando un trabajo incansable en esa instituci\u00f3n deportiva <\/em><\/figcaption><\/figure>\n\n\n\n<figure class=\"wp-block-image\"><img loading=\"lazy\" decoding=\"async\" width=\"947\" height=\"559\" src=\"https:\/\/arroyitoonline.com.ar\/wp-content\/uploads\/2019\/09\/dr.-v\u00edctor-costilla.jpg\" alt=\"\" class=\"wp-image-5895\" srcset=\"https:\/\/arroyitoonline.com.ar\/wp-content\/uploads\/2019\/09\/dr.-v\u00edctor-costilla.jpg 947w, https:\/\/arroyitoonline.com.ar\/wp-content\/uploads\/2019\/09\/dr.-v\u00edctor-costilla-300x177.jpg 300w, https:\/\/arroyitoonline.com.ar\/wp-content\/uploads\/2019\/09\/dr.-v\u00edctor-costilla-768x453.jpg 768w\" sizes=\"auto, (max-width: 947px) 100vw, 947px\" \/><figcaption><strong>V\u00cdCTOR H. COSTILLA<\/strong>\u2502<em>precandidato a 1\u00ba concejal suplente<\/em>\u2502<em>m\u00e9dico Pediatra, de ampl\u00edsima trayectoria\u2502exmiembro del Consejo de Administraci\u00f3n de la Cespal\u2502primer m\u00e9dico responsable del Banco de Sangre\u2502exconcejal UCR (2011\u20132015) <\/em><\/figcaption><\/figure>\n\n\n\n<figure class=\"wp-block-image\"><img loading=\"lazy\" decoding=\"async\" width=\"1024\" height=\"768\" src=\"https:\/\/arroyitoonline.com.ar\/wp-content\/uploads\/2019\/09\/soledad-ayala-1024x768.jpg\" alt=\"\" class=\"wp-image-5896\" srcset=\"https:\/\/arroyitoonline.com.ar\/wp-content\/uploads\/2019\/09\/soledad-ayala-1024x768.jpg 1024w, https:\/\/arroyitoonline.com.ar\/wp-content\/uploads\/2019\/09\/soledad-ayala-300x225.jpg 300w, https:\/\/arroyitoonline.com.ar\/wp-content\/uploads\/2019\/09\/soledad-ayala-768x576.jpg 768w, https:\/\/arroyitoonline.com.ar\/wp-content\/uploads\/2019\/09\/soledad-ayala.jpg 2048w\" sizes=\"auto, (max-width: 1024px) 100vw, 1024px\" \/><figcaption><strong>SOLEDAD AYALA<\/strong>\u2502<em>precandidata a 2\u00aa concejala suplente\u2502miembro fundadora del merendero Corazones Solidarios, desde donde colabora con muchas familias\u2502organizadora de eventos a beneficio de ni\u00f1os y reconocida mujer solidaria<\/em><\/figcaption><\/figure>\n\n\n\n<figure class=\"wp-block-image\"><img loading=\"lazy\" decoding=\"async\" width=\"1024\" height=\"768\" src=\"https:\/\/arroyitoonline.com.ar\/wp-content\/uploads\/2019\/09\/miguel-\u00e1ngel-olocco-1024x768.jpg\" alt=\"\" class=\"wp-image-5897\" srcset=\"https:\/\/arroyitoonline.com.ar\/wp-content\/uploads\/2019\/09\/miguel-\u00e1ngel-olocco-1024x768.jpg 1024w, https:\/\/arroyitoonline.com.ar\/wp-content\/uploads\/2019\/09\/miguel-\u00e1ngel-olocco-300x225.jpg 300w, https:\/\/arroyitoonline.com.ar\/wp-content\/uploads\/2019\/09\/miguel-\u00e1ngel-olocco-768x576.jpg 768w, https:\/\/arroyitoonline.com.ar\/wp-content\/uploads\/2019\/09\/miguel-\u00e1ngel-olocco.jpg 2048w\" sizes=\"auto, (max-width: 1024px) 100vw, 1024px\" \/><figcaption><strong>MIGUEL \u00c1NGEL OLOCCO<\/strong>\u2502<em>precandidato a 3\u00ba concejal suplente\u2502mec\u00e1nico\u2502responsable del n\u00facleo partidario L\u00ednea C\u00f3rdoba\u2502participante en instituciones locales, tales como la iglesia cat\u00f3lica y la Cespal\u2502radical de toda la vida<\/em><\/figcaption><\/figure>\n\n\n\n<figure class=\"wp-block-image\"><img loading=\"lazy\" decoding=\"async\" width=\"1024\" height=\"768\" src=\"https:\/\/arroyitoonline.com.ar\/wp-content\/uploads\/2019\/09\/miriam-montes-1024x768.jpg\" alt=\"\" class=\"wp-image-5899\" srcset=\"https:\/\/arroyitoonline.com.ar\/wp-content\/uploads\/2019\/09\/miriam-montes-1024x768.jpg 1024w, https:\/\/arroyitoonline.com.ar\/wp-content\/uploads\/2019\/09\/miriam-montes-300x225.jpg 300w, https:\/\/arroyitoonline.com.ar\/wp-content\/uploads\/2019\/09\/miriam-montes-768x576.jpg 768w, https:\/\/arroyitoonline.com.ar\/wp-content\/uploads\/2019\/09\/miriam-montes.jpg 2048w\" sizes=\"auto, (max-width: 1024px) 100vw, 1024px\" \/><figcaption><strong>MIRIAM MONTES<\/strong>\u2502<em>precandidata a 4\u00aa concejala suplente\u2502auxiliar de la Escuela Jos\u00e9 M. Paz\u2502subdelegada del Sindicato de Empleados P\u00fablicos (SEP) de C\u00f3rdoba Subdelegaci\u00f3n Arroyito<\/em><\/figcaption><\/figure>\n\n\n\n<figure class=\"wp-block-image\"><img loading=\"lazy\" decoding=\"async\" width=\"1024\" height=\"768\" src=\"https:\/\/arroyitoonline.com.ar\/wp-content\/uploads\/2019\/09\/v\u00edctor-capra-1024x768.jpg\" alt=\"\" class=\"wp-image-5901\" srcset=\"https:\/\/arroyitoonline.com.ar\/wp-content\/uploads\/2019\/09\/v\u00edctor-capra-1024x768.jpg 1024w, https:\/\/arroyitoonline.com.ar\/wp-content\/uploads\/2019\/09\/v\u00edctor-capra-300x225.jpg 300w, https:\/\/arroyitoonline.com.ar\/wp-content\/uploads\/2019\/09\/v\u00edctor-capra-768x576.jpg 768w, https:\/\/arroyitoonline.com.ar\/wp-content\/uploads\/2019\/09\/v\u00edctor-capra.jpg 2048w\" sizes=\"auto, (max-width: 1024px) 100vw, 1024px\" \/><figcaption><strong>V\u00cdCTOR CAPRA<\/strong>\u2502<em>precandidato a 5\u00ba concejal suplente\u2502exconsejero de Asociaci\u00f3n Mutual Arroyito (AMA)\u2502empleado en una importante multinacional&nbsp;de&nbsp;Arroyito<\/em><\/figcaption><\/figure>\n\n\n\n<figure class=\"wp-block-image\"><img loading=\"lazy\" decoding=\"async\" width=\"1024\" height=\"768\" src=\"https:\/\/arroyitoonline.com.ar\/wp-content\/uploads\/2019\/09\/norma-ferreyra-1024x768.jpg\" alt=\"\" class=\"wp-image-5903\" srcset=\"https:\/\/arroyitoonline.com.ar\/wp-content\/uploads\/2019\/09\/norma-ferreyra-1024x768.jpg 1024w, https:\/\/arroyitoonline.com.ar\/wp-content\/uploads\/2019\/09\/norma-ferreyra-300x225.jpg 300w, https:\/\/arroyitoonline.com.ar\/wp-content\/uploads\/2019\/09\/norma-ferreyra-768x576.jpg 768w, https:\/\/arroyitoonline.com.ar\/wp-content\/uploads\/2019\/09\/norma-ferreyra.jpg 2048w\" sizes=\"auto, (max-width: 1024px) 100vw, 1024px\" \/><figcaption><strong>NORMA FERREYRA<\/strong>\u2502<em>directora de la Biblioteca Municipal Popular Almafuerte, por m\u00e1s de tres d\u00e9cadas, casi toda la vida institucional de la dependencia\u2502lectora incansable y conocedora del mundo de los libros como nadie<\/em><\/figcaption><\/figure>\n\n\n\n<figure class=\"wp-block-image\"><img loading=\"lazy\" decoding=\"async\" width=\"1024\" height=\"768\" src=\"https:\/\/arroyitoonline.com.ar\/wp-content\/uploads\/2019\/09\/graciela-leiva-1024x768.jpg\" alt=\"\" class=\"wp-image-5904\" srcset=\"https:\/\/arroyitoonline.com.ar\/wp-content\/uploads\/2019\/09\/graciela-leiva-1024x768.jpg 1024w, https:\/\/arroyitoonline.com.ar\/wp-content\/uploads\/2019\/09\/graciela-leiva-300x225.jpg 300w, https:\/\/arroyitoonline.com.ar\/wp-content\/uploads\/2019\/09\/graciela-leiva-768x576.jpg 768w, https:\/\/arroyitoonline.com.ar\/wp-content\/uploads\/2019\/09\/graciela-leiva.jpg 2048w\" sizes=\"auto, (max-width: 1024px) 100vw, 1024px\" \/><figcaption><strong>GRACIELA LEIVA<\/strong>\u2502<em>precandidata a 8\u00aa concejala suplente\u2502empleada municipal\u2502emprendedora\u2502miembro del merendero que funciona en el Centro Vecinal Xanaes\u2502mujer solidaria<\/em><\/figcaption><\/figure>\n\n\n\n<figure class=\"wp-block-image\"><img loading=\"lazy\" decoding=\"async\" width=\"1024\" height=\"768\" src=\"https:\/\/arroyitoonline.com.ar\/wp-content\/uploads\/2019\/09\/cecilia-viotti-1024x768.jpg\" alt=\"\" class=\"wp-image-5905\" srcset=\"https:\/\/arroyitoonline.com.ar\/wp-content\/uploads\/2019\/09\/cecilia-viotti-1024x768.jpg 1024w, https:\/\/arroyitoonline.com.ar\/wp-content\/uploads\/2019\/09\/cecilia-viotti-300x225.jpg 300w, https:\/\/arroyitoonline.com.ar\/wp-content\/uploads\/2019\/09\/cecilia-viotti-768x576.jpg 768w, https:\/\/arroyitoonline.com.ar\/wp-content\/uploads\/2019\/09\/cecilia-viotti.jpg 2048w\" sizes=\"auto, (max-width: 1024px) 100vw, 1024px\" \/><figcaption><strong>CECILIA VIOTTI<\/strong>\u2502<em>precandidata a 1\u00ba Tribuno de Cuentas titular\u2502docente de nivel medio\u2502actual secretaria del Tribunal de Cuentas Municipal<\/em><\/figcaption><\/figure>\n\n\n\n<figure class=\"wp-block-image\"><img loading=\"lazy\" decoding=\"async\" width=\"1024\" height=\"768\" src=\"https:\/\/arroyitoonline.com.ar\/wp-content\/uploads\/2019\/09\/henry-fontana-1024x768.jpg\" alt=\"\" class=\"wp-image-5907\" srcset=\"https:\/\/arroyitoonline.com.ar\/wp-content\/uploads\/2019\/09\/henry-fontana-1024x768.jpg 1024w, https:\/\/arroyitoonline.com.ar\/wp-content\/uploads\/2019\/09\/henry-fontana-300x225.jpg 300w, https:\/\/arroyitoonline.com.ar\/wp-content\/uploads\/2019\/09\/henry-fontana-768x576.jpg 768w, https:\/\/arroyitoonline.com.ar\/wp-content\/uploads\/2019\/09\/henry-fontana.jpg 2048w\" sizes=\"auto, (max-width: 1024px) 100vw, 1024px\" \/><figcaption><strong>HENRY FONTANA<\/strong>\u2502<em>precandidato a 2\u00ba Tribuno de Cuentas titular\u2502reconocido docente de materias vinculadas a la Econom\u00eda\u2502contador p\u00fablico<\/em><\/figcaption><\/figure>\n\n\n\n<figure class=\"wp-block-image\"><img loading=\"lazy\" decoding=\"async\" width=\"1024\" height=\"768\" src=\"https:\/\/arroyitoonline.com.ar\/wp-content\/uploads\/2019\/09\/ang\u00e9lica-almir\u00f3n-1024x768.jpg\" alt=\"\" class=\"wp-image-5908\" srcset=\"https:\/\/arroyitoonline.com.ar\/wp-content\/uploads\/2019\/09\/ang\u00e9lica-almir\u00f3n-1024x768.jpg 1024w, https:\/\/arroyitoonline.com.ar\/wp-content\/uploads\/2019\/09\/ang\u00e9lica-almir\u00f3n-300x225.jpg 300w, https:\/\/arroyitoonline.com.ar\/wp-content\/uploads\/2019\/09\/ang\u00e9lica-almir\u00f3n-768x576.jpg 768w, https:\/\/arroyitoonline.com.ar\/wp-content\/uploads\/2019\/09\/ang\u00e9lica-almir\u00f3n.jpg 2048w\" sizes=\"auto, (max-width: 1024px) 100vw, 1024px\" \/><figcaption><strong>ANG\u00c9LICA ALMIR\u00d3N<\/strong>\u2502<em>precandidata a 3\u00ba Tribuno de Cuentas titular\u2502estudiante\u2502empleada en un supermercado local de gran superficie\u2502referente de los j\u00f3venes <\/em><\/figcaption><\/figure>\n\n\n\n<figure class=\"wp-block-image\"><img loading=\"lazy\" decoding=\"async\" width=\"720\" height=\"480\" src=\"https:\/\/arroyitoonline.com.ar\/wp-content\/uploads\/2019\/09\/patricia-picchiottino.jpg\" alt=\"\" class=\"wp-image-5910\" srcset=\"https:\/\/arroyitoonline.com.ar\/wp-content\/uploads\/2019\/09\/patricia-picchiottino.jpg 720w, https:\/\/arroyitoonline.com.ar\/wp-content\/uploads\/2019\/09\/patricia-picchiottino-300x200.jpg 300w\" sizes=\"auto, (max-width: 720px) 100vw, 720px\" \/><figcaption><strong>PATRICIA PICCHIOTTINO<\/strong>\u2502<em>precandidata a 2\u00ba Tribuno de Cuentas suplente\u2502comerciante&nbsp;y&nbsp;emprendedora&nbsp;local<\/em> <\/figcaption><\/figure>\n\n\n\n<figure class=\"wp-block-image\"><img loading=\"lazy\" decoding=\"async\" width=\"1024\" height=\"768\" src=\"https:\/\/arroyitoonline.com.ar\/wp-content\/uploads\/2019\/09\/ra\u00fal-mago-1-1024x768.jpg\" alt=\"\" class=\"wp-image-5915\" srcset=\"https:\/\/arroyitoonline.com.ar\/wp-content\/uploads\/2019\/09\/ra\u00fal-mago-1-1024x768.jpg 1024w, https:\/\/arroyitoonline.com.ar\/wp-content\/uploads\/2019\/09\/ra\u00fal-mago-1-300x225.jpg 300w, https:\/\/arroyitoonline.com.ar\/wp-content\/uploads\/2019\/09\/ra\u00fal-mago-1-768x576.jpg 768w, https:\/\/arroyitoonline.com.ar\/wp-content\/uploads\/2019\/09\/ra\u00fal-mago-1.jpg 2048w\" sizes=\"auto, (max-width: 1024px) 100vw, 1024px\" \/><figcaption><strong>RA\u00daL MAGO<\/strong>\u2502<em>precandidato a 3\u00ba Tribuno de Cuentas suplente\u2502propietario de un taller mec\u00e1nico, en sociedad con su hijo Michel, con quien adem\u00e1s comparte militancia\u2502radical de toda la vida<\/em><\/figcaption><\/figure>\n","protected":false},"excerpt":{"rendered":"<p>Con un mix de j\u00f3venes y experimentados se completa esta lista, donde hay comerciantes, miembros de instituciones, emprendedores, militantes radicales,&hellip;<\/p>\n","protected":false},"author":3,"featured_media":5876,"comment_status":"closed","ping_status":"open","sticky":false,"template":"","format":"standard","meta":{"footnotes":""},"categories":[8],"tags":[13,66,67,836,253,318,870,837,572,640,969],"class_list":["post-5875","post","type-post","status-publish","format-standard","has-post-thumbnail","hentry","category-politica","tag-13","tag-arroyito","tag-arroyito-cordoba","tag-arroyito-online","tag-cravero","tag-elecciones","tag-interna-radical","tag-lafarina","tag-noticias-de-arroyito-y-zona","tag-politica","tag-vercelli"],"_links":{"self":[{"href":"https:\/\/arroyitoonline.com.ar\/index.php?rest_route=\/wp\/v2\/posts\/5875","targetHints":{"allow":["GET"]}}],"collection":[{"href":"https:\/\/arroyitoonline.com.ar\/index.php?rest_route=\/wp\/v2\/posts"}],"about":[{"href":"https:\/\/arroyitoonline.com.ar\/index.php?rest_route=\/wp\/v2\/types\/post"}],"author":[{"embeddable":true,"href":"https:\/\/arroyitoonline.com.ar\/index.php?rest_route=\/wp\/v2\/users\/3"}],"replies":[{"embeddable":true,"href":"https:\/\/arroyitoonline.com.ar\/index.php?rest_route=%2Fwp%2Fv2%2Fcomments&post=5875"}],"version-history":[{"count":14,"href":"https:\/\/arroyitoonline.com.ar\/index.php?rest_route=\/wp\/v2\/posts\/5875\/revisions"}],"predecessor-version":[{"id":5917,"href":"https:\/\/arroyitoonline.com.ar\/index.php?rest_route=\/wp\/v2\/posts\/5875\/revisions\/5917"}],"wp:featuredmedia":[{"embeddable":true,"href":"https:\/\/arroyitoonline.com.ar\/index.php?rest_route=\/wp\/v2\/media\/5876"}],"wp:attachment":[{"href":"https:\/\/arroyitoonline.com.ar\/index.php?rest_route=%2Fwp%2Fv2%2Fmedia&parent=5875"}],"wp:term":[{"taxonomy":"category","embeddable":true,"href":"https:\/\/arroyitoonline.com.ar\/index.php?rest_route=%2Fwp%2Fv2%2Fcategories&post=5875"},{"taxonomy":"post_tag","embeddable":true,"href":"https:\/\/arroyitoonline.com.ar\/index.php?rest_route=%2Fwp%2Fv2%2Ftags&post=5875"}],"curies":[{"name":"wp","href":"https:\/\/api.w.org\/{rel}","templated":true}]}}