{"id":5890,"date":"2019-09-25T01:37:55","date_gmt":"2019-09-25T01:37:55","guid":{"rendered":"https:\/\/arroyitoonline.com.ar\/?p=5890"},"modified":"2019-09-25T01:39:05","modified_gmt":"2019-09-25T01:39:05","slug":"arroyito-ciudad-de-maria-acompano-a-la-virgen-de-la-merced-en-su-tradicional-procesion","status":"publish","type":"post","link":"https:\/\/arroyitoonline.com.ar\/?p=5890","title":{"rendered":"Arroyito, Ciudad de Mar\u00eda, acompa\u00f1\u00f3 a la Virgen de la Merced en su tradicional procesi\u00f3n"},"content":{"rendered":"\n<p><strong>En una tarde primaveral, toda la celebraci\u00f3n patronal se desarroll\u00f3 a plena luz del d\u00eda, ante gran n\u00famero de fieles cat\u00f3licos. <\/strong><\/p>\n\n\n\n<p>En una jornada durante la cual el tiempo fue inmejorable, los fieles cat\u00f3licos ratificaron su devoci\u00f3n por la Virgen de la Merced, madre de Jes\u00fas.<\/p>\n\n\n\n<p>Cabe recordar que, por su grado de fervor en la fe cat\u00f3lica, Arroyito fue declarada por decreto episcopal \u201cCiudad de Mar\u00eda\u201d en 2000, a\u00f1o jubilar. Quien la bautiz\u00f3 as\u00ed fue el obispo Em\u00e9rito de San Justo, monse\u00f1or Baldomero Carlos Martini, antiguo prelado de San Francisco entre 1989 y 2004. <\/p>\n\n\n\n<figure><iframe loading=\"lazy\" src=\"https:\/\/www.facebook.com\/plugins\/video.php?href=https%3A%2F%2Fwww.facebook.com%2Farroyitoonlineoficial%2Fvideos%2F437772720176080%2F&amp;show_text=0&amp;width=560\" width=\"560\" height=\"315\" allowfullscreen=\"true\"><\/iframe><\/figure>\n\n\n\n<p>La particularidad de este a\u00f1o fue que la misa de la tarde comenz\u00f3 media hora antes, a las 16:30, y la Procesi\u00f3n tambi\u00e9n se adelant\u00f3 para las 17:30, por lo que toda la celebraci\u00f3n se desarroll\u00f3 a plena luz del d\u00eda y con una temperatura m\u00e1s que primaveral.  <\/p>\n\n\n\n<p>Una vez finalizado el acto lit\u00fargico, colaboradores de la Parroquia condujeron la imagen de la Virgen de la Merced hasta la explanada del templo, donde fue cargada sobre un carro revestido de blancas figuras tridimensionales y flores naturales.<\/p>\n\n\n\n<p>Escoltada por Bomberos Voluntarios, padre Gabriel Camusso y autoridades municipales, la patrona de nuestra ciudad fue trasladada por las calles c\u00e9ntricas acompa\u00f1ada por un gran n\u00famero de feligreses. A lo largo del camino se encontraban tambi\u00e9n las cl\u00e1sicas estaciones vivientes representando los misterios del Santo Rosario. <\/p>\n\n\n\n<p>La Banda Sinf\u00f3nica Municipal dirigida por Gerardo Lemos musicaliz\u00f3 cada uno de los momentos. Sobre San Mart\u00edn, y con la supervisi\u00f3n de la Polic\u00eda, se produjo el tradicional desfile de las agrupaciones gauchas de Arroyito y la regi\u00f3n; tan esperado por los presentes. <\/p>\n\n\n\n<p>Adem\u00e1s, el Ballet Municipal no quiso quedarse afuera y present\u00f3 un n\u00famero tributo al carnaval del norte; con vestuario, coreograf\u00eda, m\u00e1scaras y actuaciones espec\u00edficas de la tem\u00e1tica. A trav\u00e9s de su danza, los talentosos bailarines llenaron de color y fantas\u00eda este 24 de septiembre. <\/p>\n\n\n\n<p>Sobre el final se produjo la emblem\u00e1tica suelta del rosario de globos, una vez m\u00e1s ideado por Enrique Poloni, con los colores de nuestra patria: celeste, blanco y amarillo, como el sol de la bandera. <\/p>\n\n\n\n<p>En un atardecer apacible, cargado de m\u00edstica religiosa, el objeto vol\u00f3 alto elev\u00e1ndose mucho m\u00e1s que otras veces, buscando un nuevo hogar donde recalar, tras el largo viaje que le espera. En ese lugar conocer\u00e1n que, el imponente rosario fue enviado por la devoci\u00f3n de Arroyito, a Mar\u00eda de la Merced. <\/p>\n","protected":false},"excerpt":{"rendered":"<p>En una tarde primaveral, toda la celebraci\u00f3n patronal se desarroll\u00f3 a plena luz del d\u00eda, ante gran n\u00famero de fieles&hellip;<\/p>\n","protected":false},"author":3,"featured_media":5891,"comment_status":"closed","ping_status":"open","sticky":false,"template":"","format":"standard","meta":{"footnotes":""},"categories":[935,1],"tags":[15,66,67,836,1027,572,574,941,656,681,811],"class_list":["post-5890","post","type-post","status-publish","format-standard","has-post-thumbnail","hentry","category-religion","category-uncategorized","tag-24-de-septiembre","tag-arroyito","tag-arroyito-cordoba","tag-arroyito-online","tag-misa","tag-noticias-de-arroyito-y-zona","tag-nuestra-senora-de-la-merced","tag-parroquia-nuestra-senora-de-la-merced","tag-procesion","tag-religion","tag-virgen"],"_links":{"self":[{"href":"https:\/\/arroyitoonline.com.ar\/index.php?rest_route=\/wp\/v2\/posts\/5890","targetHints":{"allow":["GET"]}}],"collection":[{"href":"https:\/\/arroyitoonline.com.ar\/index.php?rest_route=\/wp\/v2\/posts"}],"about":[{"href":"https:\/\/arroyitoonline.com.ar\/index.php?rest_route=\/wp\/v2\/types\/post"}],"author":[{"embeddable":true,"href":"https:\/\/arroyitoonline.com.ar\/index.php?rest_route=\/wp\/v2\/users\/3"}],"replies":[{"embeddable":true,"href":"https:\/\/arroyitoonline.com.ar\/index.php?rest_route=%2Fwp%2Fv2%2Fcomments&post=5890"}],"version-history":[{"count":2,"href":"https:\/\/arroyitoonline.com.ar\/index.php?rest_route=\/wp\/v2\/posts\/5890\/revisions"}],"predecessor-version":[{"id":5894,"href":"https:\/\/arroyitoonline.com.ar\/index.php?rest_route=\/wp\/v2\/posts\/5890\/revisions\/5894"}],"wp:featuredmedia":[{"embeddable":true,"href":"https:\/\/arroyitoonline.com.ar\/index.php?rest_route=\/wp\/v2\/media\/5891"}],"wp:attachment":[{"href":"https:\/\/arroyitoonline.com.ar\/index.php?rest_route=%2Fwp%2Fv2%2Fmedia&parent=5890"}],"wp:term":[{"taxonomy":"category","embeddable":true,"href":"https:\/\/arroyitoonline.com.ar\/index.php?rest_route=%2Fwp%2Fv2%2Fcategories&post=5890"},{"taxonomy":"post_tag","embeddable":true,"href":"https:\/\/arroyitoonline.com.ar\/index.php?rest_route=%2Fwp%2Fv2%2Ftags&post=5890"}],"curies":[{"name":"wp","href":"https:\/\/api.w.org\/{rel}","templated":true}]}}