{"id":5925,"date":"2019-09-26T13:07:42","date_gmt":"2019-09-26T13:07:42","guid":{"rendered":"https:\/\/arroyitoonline.com.ar\/?p=5925"},"modified":"2019-09-26T13:07:48","modified_gmt":"2019-09-26T13:07:48","slug":"la-velez-siempre-un-paso-adelante-toda-su-conexion-a-internet-es-por-fibra-optica","status":"publish","type":"post","link":"https:\/\/arroyitoonline.com.ar\/?p=5925","title":{"rendered":"La V\u00e9lez, siempre un paso adelante: toda su conexi\u00f3n a internet es por fibra \u00f3ptica"},"content":{"rendered":"\n<p><strong>Es la primera instituci\u00f3n educativa de Arroyito que migr\u00f3 toda su conexi\u00f3n de internet a esta tecnolog\u00eda.<\/strong><\/p>\n\n\n\n<p>La Escuela Dr. Dalmacio V\u00e9lez Sarsfield es la primera Instituci\u00f3n educativa de Arroyito que ha migrado toda la conexi\u00f3n de Internet de la anterior tecnolog\u00eda cable-m\u00f3dem a fibra \u00f3ptica. <\/p>\n\n\n\n<p>Contando con dos conexiones de 50 mbps planos distribuidas\nentre alumnos, docentes y oficinas. <\/p>\n\n\n\n<p>De esta manera sus alumnos trabajan sin demoras en las diferentes tareas a\u00falicas que requieran de acceso a internet.<\/p>\n\n\n\n<p>En la foto se observa el datacenter de la V\u00e9lez (conectividad, servidores, almacenamiento, UPSs de respaldo por cortes de luz y refrigeraci\u00f3n para equipos).<\/p>\n","protected":false},"excerpt":{"rendered":"<p>Es la primera instituci\u00f3n educativa de Arroyito que migr\u00f3 toda su conexi\u00f3n de internet a esta tecnolog\u00eda. La Escuela Dr.&hellip;<\/p>\n","protected":false},"author":3,"featured_media":5926,"comment_status":"closed","ping_status":"open","sticky":false,"template":"","format":"standard","meta":{"footnotes":""},"categories":[830],"tags":[66,67,836,310,888,371,457,572,793],"class_list":["post-5925","post","type-post","status-publish","format-standard","has-post-thumbnail","hentry","category-educacion-online","tag-arroyito","tag-arroyito-cordoba","tag-arroyito-online","tag-educacion","tag-escuela-dr-dalmacio-velez-sarsfield","tag-fibra-optica","tag-internet","tag-noticias-de-arroyito-y-zona","tag-velez-sarsfield"],"_links":{"self":[{"href":"https:\/\/arroyitoonline.com.ar\/index.php?rest_route=\/wp\/v2\/posts\/5925","targetHints":{"allow":["GET"]}}],"collection":[{"href":"https:\/\/arroyitoonline.com.ar\/index.php?rest_route=\/wp\/v2\/posts"}],"about":[{"href":"https:\/\/arroyitoonline.com.ar\/index.php?rest_route=\/wp\/v2\/types\/post"}],"author":[{"embeddable":true,"href":"https:\/\/arroyitoonline.com.ar\/index.php?rest_route=\/wp\/v2\/users\/3"}],"replies":[{"embeddable":true,"href":"https:\/\/arroyitoonline.com.ar\/index.php?rest_route=%2Fwp%2Fv2%2Fcomments&post=5925"}],"version-history":[{"count":1,"href":"https:\/\/arroyitoonline.com.ar\/index.php?rest_route=\/wp\/v2\/posts\/5925\/revisions"}],"predecessor-version":[{"id":5927,"href":"https:\/\/arroyitoonline.com.ar\/index.php?rest_route=\/wp\/v2\/posts\/5925\/revisions\/5927"}],"wp:featuredmedia":[{"embeddable":true,"href":"https:\/\/arroyitoonline.com.ar\/index.php?rest_route=\/wp\/v2\/media\/5926"}],"wp:attachment":[{"href":"https:\/\/arroyitoonline.com.ar\/index.php?rest_route=%2Fwp%2Fv2%2Fmedia&parent=5925"}],"wp:term":[{"taxonomy":"category","embeddable":true,"href":"https:\/\/arroyitoonline.com.ar\/index.php?rest_route=%2Fwp%2Fv2%2Fcategories&post=5925"},{"taxonomy":"post_tag","embeddable":true,"href":"https:\/\/arroyitoonline.com.ar\/index.php?rest_route=%2Fwp%2Fv2%2Ftags&post=5925"}],"curies":[{"name":"wp","href":"https:\/\/api.w.org\/{rel}","templated":true}]}}