{"id":5937,"date":"2019-09-27T19:01:58","date_gmt":"2019-09-27T19:01:58","guid":{"rendered":"https:\/\/arroyitoonline.com.ar\/?p=5937"},"modified":"2019-09-27T19:09:14","modified_gmt":"2019-09-27T19:09:14","slug":"cravero-recibio-a-eli-noriega","status":"publish","type":"post","link":"https:\/\/arroyitoonline.com.ar\/?p=5937","title":{"rendered":"Cravero recibi\u00f3 a Eli Noriega"},"content":{"rendered":"\n<p><strong>La nadadora local, ganadora de tres medallas en los Parapamericanos de Lima 2019, comparti\u00f3 un momento con el intendente. <\/strong><\/p>\n\n\n\n<p>El jueves 26 por la ma\u00f1ana, el intendente Mauricio Cravero recibi\u00f3 en la sala de gabinete a Elizabeth Noriega, la deportista que nos represent\u00f3 a todos los argentinos en los Juegos Parapanamericanos de Lima 2019 logrando la obtenci\u00f3n de dos medallas de bronce y una presea de plata en la disciplina de Nataci\u00f3n.<\/p>\n\n\n\n<p>El primer mandatario salud\u00f3 y felicit\u00f3 a Eli inst\u00e1ndola\u00a0a que contin\u00fae con el deporte, pero remarcando, de un modo especial <em>&#8220;que nos pone muy orgullosos como\u00a0arroyitenses, que nos haya representado como latinoamericanos&#8221;<\/em>. <\/p>\n\n\n\n<p>D\u00edas pasados, la deportista con par\u00e1lisis cerebral hab\u00eda sido homenajeada por la Legislatura de la Provincia de C\u00f3rdoba y por la C\u00e1mara de Diputados de la Naci\u00f3n. <\/p>\n\n\n\n<p>Fuente: Prensa Municipal. <\/p>\n","protected":false},"excerpt":{"rendered":"<p>La nadadora local, ganadora de tres medallas en los Parapamericanos de Lima 2019, comparti\u00f3 un momento con el intendente. El&hellip;<\/p>\n","protected":false},"author":3,"featured_media":5938,"comment_status":"closed","ping_status":"open","sticky":false,"template":"","format":"standard","meta":{"footnotes":""},"categories":[829],"tags":[66,67,836,253,276,527,555,556,566,572],"class_list":["post-5937","post","type-post","status-publish","format-standard","has-post-thumbnail","hentry","category-municipales-online","tag-arroyito","tag-arroyito-cordoba","tag-arroyito-online","tag-cravero","tag-deporte","tag-mauricio-cravero","tag-municipalidad","tag-municipalidad-de-arroyito","tag-natacion","tag-noticias-de-arroyito-y-zona"],"_links":{"self":[{"href":"https:\/\/arroyitoonline.com.ar\/index.php?rest_route=\/wp\/v2\/posts\/5937","targetHints":{"allow":["GET"]}}],"collection":[{"href":"https:\/\/arroyitoonline.com.ar\/index.php?rest_route=\/wp\/v2\/posts"}],"about":[{"href":"https:\/\/arroyitoonline.com.ar\/index.php?rest_route=\/wp\/v2\/types\/post"}],"author":[{"embeddable":true,"href":"https:\/\/arroyitoonline.com.ar\/index.php?rest_route=\/wp\/v2\/users\/3"}],"replies":[{"embeddable":true,"href":"https:\/\/arroyitoonline.com.ar\/index.php?rest_route=%2Fwp%2Fv2%2Fcomments&post=5937"}],"version-history":[{"count":2,"href":"https:\/\/arroyitoonline.com.ar\/index.php?rest_route=\/wp\/v2\/posts\/5937\/revisions"}],"predecessor-version":[{"id":5940,"href":"https:\/\/arroyitoonline.com.ar\/index.php?rest_route=\/wp\/v2\/posts\/5937\/revisions\/5940"}],"wp:featuredmedia":[{"embeddable":true,"href":"https:\/\/arroyitoonline.com.ar\/index.php?rest_route=\/wp\/v2\/media\/5938"}],"wp:attachment":[{"href":"https:\/\/arroyitoonline.com.ar\/index.php?rest_route=%2Fwp%2Fv2%2Fmedia&parent=5937"}],"wp:term":[{"taxonomy":"category","embeddable":true,"href":"https:\/\/arroyitoonline.com.ar\/index.php?rest_route=%2Fwp%2Fv2%2Fcategories&post=5937"},{"taxonomy":"post_tag","embeddable":true,"href":"https:\/\/arroyitoonline.com.ar\/index.php?rest_route=%2Fwp%2Fv2%2Ftags&post=5937"}],"curies":[{"name":"wp","href":"https:\/\/api.w.org\/{rel}","templated":true}]}}