{"id":5948,"date":"2019-09-27T21:21:04","date_gmt":"2019-09-27T21:21:04","guid":{"rendered":"https:\/\/arroyitoonline.com.ar\/?p=5948"},"modified":"2019-09-27T21:21:06","modified_gmt":"2019-09-27T21:21:06","slug":"un-camion-al-que-se-le-activo-la-batea-arranco-una-columna-de-alumbrado","status":"publish","type":"post","link":"https:\/\/arroyitoonline.com.ar\/?p=5948","title":{"rendered":"Un cami\u00f3n al que se le activ\u00f3 la batea arranc\u00f3 una columna de alumbrado"},"content":{"rendered":"\n<p><strong>El contenedor en movimiento arrastr\u00f3 cables y tambi\u00e9n quebr\u00f3 un poste de Telecom. <\/strong><\/p>\n\n\n\n<p>Anoche cerca de las 22:00 horas, se le activ\u00f3 la batea a un cami\u00f3n volcador que circulaba por ruta 19, en el ingreso este de la ciudad. En ese momento, el contenedor subi\u00f3 enganchando cables de electricidad, telefon\u00eda e internet y arrastr\u00e1ndolos por varios metros. <\/p>\n\n\n\n<p>Adem\u00e1s, seg\u00fan inform\u00f3 la Cespal, el caj\u00f3n arranc\u00f3 una columna de Telecom y, continuando su marcha, quebr\u00f3 un poste de la red de baja tensi\u00f3n cercano al supermercado Mariano Max.<\/p>\n\n\n\n<p>Luego de sucedido el siniestro, personal de la Cooperativa trabaj\u00f3 para el acondicionamiento del poste de alumbrado y hoy continuar\u00e1n con las obras. <\/p>\n\n\n\n<p>La foto es gentileza de V\u00eda Arroyito. <\/p>\n\n\n\n<p>Fuentes: Canal 3 y Cespal. <\/p>\n","protected":false},"excerpt":{"rendered":"<p>El contenedor en movimiento arrastr\u00f3 cables y tambi\u00e9n quebr\u00f3 un poste de Telecom. Anoche cerca de las 22:00 horas, se&hellip;<\/p>\n","protected":false},"author":3,"featured_media":5949,"comment_status":"closed","ping_status":"open","sticky":false,"template":"","format":"standard","meta":{"footnotes":""},"categories":[824],"tags":[22,66,67,836,572,635,638,825,698,701,737],"class_list":["post-5948","post","type-post","status-publish","format-standard","has-post-thumbnail","hentry","category-policiales-online","tag-accidente","tag-arroyito","tag-arroyito-cordoba","tag-arroyito-online","tag-noticias-de-arroyito-y-zona","tag-policia","tag-policiales-arroyito","tag-policiales-online","tag-ruta-19","tag-ruta-nacional-n-19","tag-siniestro-vial"],"_links":{"self":[{"href":"https:\/\/arroyitoonline.com.ar\/index.php?rest_route=\/wp\/v2\/posts\/5948","targetHints":{"allow":["GET"]}}],"collection":[{"href":"https:\/\/arroyitoonline.com.ar\/index.php?rest_route=\/wp\/v2\/posts"}],"about":[{"href":"https:\/\/arroyitoonline.com.ar\/index.php?rest_route=\/wp\/v2\/types\/post"}],"author":[{"embeddable":true,"href":"https:\/\/arroyitoonline.com.ar\/index.php?rest_route=\/wp\/v2\/users\/3"}],"replies":[{"embeddable":true,"href":"https:\/\/arroyitoonline.com.ar\/index.php?rest_route=%2Fwp%2Fv2%2Fcomments&post=5948"}],"version-history":[{"count":1,"href":"https:\/\/arroyitoonline.com.ar\/index.php?rest_route=\/wp\/v2\/posts\/5948\/revisions"}],"predecessor-version":[{"id":5950,"href":"https:\/\/arroyitoonline.com.ar\/index.php?rest_route=\/wp\/v2\/posts\/5948\/revisions\/5950"}],"wp:featuredmedia":[{"embeddable":true,"href":"https:\/\/arroyitoonline.com.ar\/index.php?rest_route=\/wp\/v2\/media\/5949"}],"wp:attachment":[{"href":"https:\/\/arroyitoonline.com.ar\/index.php?rest_route=%2Fwp%2Fv2%2Fmedia&parent=5948"}],"wp:term":[{"taxonomy":"category","embeddable":true,"href":"https:\/\/arroyitoonline.com.ar\/index.php?rest_route=%2Fwp%2Fv2%2Fcategories&post=5948"},{"taxonomy":"post_tag","embeddable":true,"href":"https:\/\/arroyitoonline.com.ar\/index.php?rest_route=%2Fwp%2Fv2%2Ftags&post=5948"}],"curies":[{"name":"wp","href":"https:\/\/api.w.org\/{rel}","templated":true}]}}