{"id":5951,"date":"2019-09-27T22:01:51","date_gmt":"2019-09-27T22:01:51","guid":{"rendered":"https:\/\/arroyitoonline.com.ar\/?p=5951"},"modified":"2019-09-27T22:03:31","modified_gmt":"2019-09-27T22:03:31","slug":"ministerios-de-educacion-de-nacion-y-provincia-entregaron-una-impresora-3d-al-ipetaym-68","status":"publish","type":"post","link":"https:\/\/arroyitoonline.com.ar\/?p=5951","title":{"rendered":"Ministerios de Educaci\u00f3n de Naci\u00f3n y Provincia entregaron una impresora 3D al Ipetaym 68"},"content":{"rendered":"\n<p><strong>Al acto, en el que estuvieron presentes los ministros Finocchiaro y Grahovac, asisti\u00f3 la flamante vicedirectora Claudia Gait\u00e1n.<\/strong><\/p>\n\n\n\n<p>La vicedirectora del Ipetaym N\u00ba 68 Claudia Gait\u00e1n asisti\u00f3, el martes 24, a un acto en la ciudad de C\u00f3rdoba. All\u00ed, el Ministerio de Educaci\u00f3n, Cultura, Ciencia y Tecnolog\u00eda de la Naci\u00f3n realiz\u00f3 una nueva entrega de equipamiento y herramientas a instituciones de las modalidades t\u00e9cnica y PRoA, con el objetivo de que se impulse la realizaci\u00f3n de proyectos de fabricaci\u00f3n digital y rob\u00f3tica.<\/p>\n\n\n\n<p>Participaron de este acto el\nministro de Educaci\u00f3n de la Naci\u00f3n, Alejandro Finocchiaro; su par provincial,\nWalter Grahovac, y el director del Instituto Nacional de Educaci\u00f3n Tecnol\u00f3gica\n(INET), Leandro Goroyesky.<\/p>\n\n\n\n<p><em>&#8220;Con esta entrega estamos\npermitiendo que nuestras escuelas ingresen al siglo XXI&#8221;<\/em>, asegur\u00f3\nFinocchiaro. Por su parte, Grahovac manifest\u00f3 que <em>&#8220;Esta entrega tiene\nque ver con una visi\u00f3n de c\u00f3mo nosotros creemos que debemos avanzar en las\nescuelas t\u00e9cnicas&#8221;<\/em>.<\/p>\n\n\n\n<p>En la oportunidad, el Ipetaym N\u00ba 68 recibi\u00f3 una impresora 3D, herramienta de \u00faltima generaci\u00f3n que se suma como refuerzo, a la que ya est\u00e1 funcionando en esa escuela local.<\/p>\n\n\n\n<p>Desde el establecimiento educativo agradecieron <em>&#8220;tan valiosa entrega que permitir\u00e1 a nuestros estudiantes y docentes estar a la vanguardia de la tecnolog\u00eda&#8221;<\/em>.<\/p>\n","protected":false},"excerpt":{"rendered":"<p>Al acto, en el que estuvieron presentes los ministros Finocchiaro y Grahovac, asisti\u00f3 la flamante vicedirectora Claudia Gait\u00e1n. La vicedirectora&hellip;<\/p>\n","protected":false},"author":3,"featured_media":5952,"comment_status":"closed","ping_status":"open","sticky":false,"template":"","format":"standard","meta":{"footnotes":""},"categories":[830],"tags":[66,67,836,310,348,462,572],"class_list":["post-5951","post","type-post","status-publish","format-standard","has-post-thumbnail","hentry","category-educacion-online","tag-arroyito","tag-arroyito-cordoba","tag-arroyito-online","tag-educacion","tag-escuelas","tag-ipetaym-68","tag-noticias-de-arroyito-y-zona"],"_links":{"self":[{"href":"https:\/\/arroyitoonline.com.ar\/index.php?rest_route=\/wp\/v2\/posts\/5951","targetHints":{"allow":["GET"]}}],"collection":[{"href":"https:\/\/arroyitoonline.com.ar\/index.php?rest_route=\/wp\/v2\/posts"}],"about":[{"href":"https:\/\/arroyitoonline.com.ar\/index.php?rest_route=\/wp\/v2\/types\/post"}],"author":[{"embeddable":true,"href":"https:\/\/arroyitoonline.com.ar\/index.php?rest_route=\/wp\/v2\/users\/3"}],"replies":[{"embeddable":true,"href":"https:\/\/arroyitoonline.com.ar\/index.php?rest_route=%2Fwp%2Fv2%2Fcomments&post=5951"}],"version-history":[{"count":2,"href":"https:\/\/arroyitoonline.com.ar\/index.php?rest_route=\/wp\/v2\/posts\/5951\/revisions"}],"predecessor-version":[{"id":5954,"href":"https:\/\/arroyitoonline.com.ar\/index.php?rest_route=\/wp\/v2\/posts\/5951\/revisions\/5954"}],"wp:featuredmedia":[{"embeddable":true,"href":"https:\/\/arroyitoonline.com.ar\/index.php?rest_route=\/wp\/v2\/media\/5952"}],"wp:attachment":[{"href":"https:\/\/arroyitoonline.com.ar\/index.php?rest_route=%2Fwp%2Fv2%2Fmedia&parent=5951"}],"wp:term":[{"taxonomy":"category","embeddable":true,"href":"https:\/\/arroyitoonline.com.ar\/index.php?rest_route=%2Fwp%2Fv2%2Fcategories&post=5951"},{"taxonomy":"post_tag","embeddable":true,"href":"https:\/\/arroyitoonline.com.ar\/index.php?rest_route=%2Fwp%2Fv2%2Ftags&post=5951"}],"curies":[{"name":"wp","href":"https:\/\/api.w.org\/{rel}","templated":true}]}}