{"id":5958,"date":"2019-09-30T03:01:31","date_gmt":"2019-09-30T03:01:31","guid":{"rendered":"https:\/\/arroyitoonline.com.ar\/?p=5958"},"modified":"2019-09-30T03:01:44","modified_gmt":"2019-09-30T03:01:44","slug":"lafarina-logramos-2-300-votos-que-son-superiores-a-los-que-el-ahora-candidato-peronista-saco-en-2015","status":"publish","type":"post","link":"https:\/\/arroyitoonline.com.ar\/?p=5958","title":{"rendered":"Lafarina: &#8220;Logramos 2.300 votos, que son superiores a los que, el ahora candidato peronista, sac\u00f3 en 2015&#8221;"},"content":{"rendered":"\n<p><strong>El candidato a intendente de la UCR, que obtuvo el 80% de los sufragios, se refiri\u00f3 de esta manera al exintendente Benedetti, quien se presentar\u00eda a la elecci\u00f3n general bajo el sello Hacemos Por Arroyito. <\/strong><\/p>\n\n\n\n<p>Este domingo 29, el Radicalismo local tuvo su elecci\u00f3n interna, donde afiliados del centenario partido e independientes pod\u00edan elegir entre dos opciones: Gloria Brizuela y Eugenio Acosta o Daniel Lafarina y Viviana Vercelli. <\/p>\n\n\n\n<p>Cerca de las 19:30 horas se conocieron los c\u00f3mputos finales, que ratificaron a la f\u00f3rmula oficialista como la ganadora de estos comicios. El resultado fue contundente: de 2.932 votos emitidos, 2.341 (79,84%) fueron para Daniel y Viviana; mientras que Gloria y Eugenio consiguieron 578 (19,71%). Solo hubo seis sufragios en blanco (0,20%) y siete nulos (0,24%). <\/p>\n\n\n\n<p>De esta manera, la lista 122 Radicales Unidos de Arroyito completa, ser\u00e1 la que representar\u00e1 al Radicalismo local, en la general del 10 de noviembre, ya que Gloria necesitaba un piso del 25% para la obtenci\u00f3n de un lugar. <\/p>\n\n\n\n<div class=\"wp-block-image\"><figure class=\"aligncenter\"><img loading=\"lazy\" decoding=\"async\" width=\"512\" height=\"214\" src=\"https:\/\/arroyitoonline.com.ar\/wp-content\/uploads\/2019\/09\/IMG-20190929-WA0025.jpg\" alt=\"\" class=\"wp-image-5960\" srcset=\"https:\/\/arroyitoonline.com.ar\/wp-content\/uploads\/2019\/09\/IMG-20190929-WA0025.jpg 512w, https:\/\/arroyitoonline.com.ar\/wp-content\/uploads\/2019\/09\/IMG-20190929-WA0025-300x125.jpg 300w\" sizes=\"auto, (max-width: 512px) 100vw, 512px\" \/><figcaption><em>Agradecemos la informaci\u00f3n al b\u00fanker lafarinista<\/em><\/figcaption><\/figure><\/div>\n\n\n\n<p>A minutos de conocerse el veredicto de las urnas, los triunfadores se presentaron en el b\u00fanker ubicado sobre calle San Mart\u00edn, que era todo euforia. En ese lugar esperaban los dem\u00e1s miembros de la lista, calaboradores, quienes hab\u00edan oficiado de fiscales en la elecci\u00f3n y militantes.<\/p>\n\n\n\n<p>Los minutos siguientes incluyeron las l\u00e1grimas de emoci\u00f3n y los gritos de alegr\u00eda de los presentes, seguidos por las palabras del flamante candidato a intendente de la UCR Daniel Lafarina:<em>&#8220;Logramos 2.300 votos, que son superiores a los que, el ahora candidato peronista, sac\u00f3 en 2015. Tildaban de fracaso nuestra interna, porque nosotros s\u00ed nos manten\u00edamos en la UCR, y pensaban que la gente no nos iba a ir a votar, ni por nosotros ni por Gloria, pero hoy la ciudadan\u00eda de Arroyito, con democracia y consciencia c\u00edvica, ha respaldado a los candidatos de esta lista, con el 80% de los votos&#8221;<\/em>. <\/p>\n\n\n\n<p>Adem\u00e1s, el ingeniero civil felicit\u00f3 a su contendiente y avis\u00f3 que ir\u00e1 a buscarla para que se sume a la propuesta ganadora. <\/p>\n\n\n\n<figure><iframe loading=\"lazy\" src=\"https:\/\/www.facebook.com\/plugins\/video.php?href=https%3A%2F%2Fwww.facebook.com%2Farroyitoonlineoficial%2Fvideos%2F425773717937700%2F&amp;show_text=0&amp;width=560\" width=\"560\" height=\"315\" allowfullscreen=\"true\"><\/iframe><\/figure>\n\n\n\n<p>Por su parte, Mauricio Cravero expres\u00f3 que <em>&#8220;Se escuchan muchas cosas, pero en Arroyito no se compra a la gente. Hemos hecho una excelente elecci\u00f3n. El partido a nivel provincial se comunic\u00f3 y estaban sorprendidos&#8221;<\/em>.<\/p>\n\n\n\n<p>Otro de los oradores de la noche fue el miembro del consejo partidario de la UCR y candidato a concejal, Miguel Olocco, el cual reivindic\u00f3 la participaci\u00f3n del Radicalismo en la elecci\u00f3n local: <em>&#8220;Hubo intenciones de hacer una coartada, pero no se prest\u00f3 la gente para esa coartada. No vamos a ir con un candidato de Uni\u00f3n Por C\u00f3rdoba, no somos Hacemos Por C\u00f3rdoba, somos la Uni\u00f3n C\u00edvica Radical&#8221;<\/em>. <\/p>\n\n\n\n<p><strong>Problemas en el padr\u00f3n<\/strong><\/p>\n\n\n\n<p>Durante toda la jornada, tanto de manera personal como as\u00ed tambi\u00e9n en las redes sociales, aparecieron quejas sobre la ausencia de votantes en el padr\u00f3n definitivo. <\/p>\n\n\n\n<p>Al respecto opin\u00f3 Lafarina: <em>&#8220;Nosotros consideramos que unas 500 personas se han quedado sin votar, incluso gente que ha viajado hasta la ciudad y no lo ha podido hacer. No sabemos qu\u00e9 pas\u00f3 y vamos a hacer averiguaciones&#8221;<\/em>. <\/p>\n","protected":false},"excerpt":{"rendered":"<p>El candidato a intendente de la UCR, que obtuvo el 80% de los sufragios, se refiri\u00f3 de esta manera al&hellip;<\/p>\n","protected":false},"author":3,"featured_media":5959,"comment_status":"closed","ping_status":"open","sticky":false,"template":"","format":"standard","meta":{"footnotes":""},"categories":[8],"tags":[66,67,836,870,837,572,640,667,871,779,969],"class_list":["post-5958","post","type-post","status-publish","format-standard","has-post-thumbnail","hentry","category-politica","tag-arroyito","tag-arroyito-cordoba","tag-arroyito-online","tag-interna-radical","tag-lafarina","tag-noticias-de-arroyito-y-zona","tag-politica","tag-radical","tag-radicalismo","tag-ucr","tag-vercelli"],"_links":{"self":[{"href":"https:\/\/arroyitoonline.com.ar\/index.php?rest_route=\/wp\/v2\/posts\/5958","targetHints":{"allow":["GET"]}}],"collection":[{"href":"https:\/\/arroyitoonline.com.ar\/index.php?rest_route=\/wp\/v2\/posts"}],"about":[{"href":"https:\/\/arroyitoonline.com.ar\/index.php?rest_route=\/wp\/v2\/types\/post"}],"author":[{"embeddable":true,"href":"https:\/\/arroyitoonline.com.ar\/index.php?rest_route=\/wp\/v2\/users\/3"}],"replies":[{"embeddable":true,"href":"https:\/\/arroyitoonline.com.ar\/index.php?rest_route=%2Fwp%2Fv2%2Fcomments&post=5958"}],"version-history":[{"count":1,"href":"https:\/\/arroyitoonline.com.ar\/index.php?rest_route=\/wp\/v2\/posts\/5958\/revisions"}],"predecessor-version":[{"id":5961,"href":"https:\/\/arroyitoonline.com.ar\/index.php?rest_route=\/wp\/v2\/posts\/5958\/revisions\/5961"}],"wp:featuredmedia":[{"embeddable":true,"href":"https:\/\/arroyitoonline.com.ar\/index.php?rest_route=\/wp\/v2\/media\/5959"}],"wp:attachment":[{"href":"https:\/\/arroyitoonline.com.ar\/index.php?rest_route=%2Fwp%2Fv2%2Fmedia&parent=5958"}],"wp:term":[{"taxonomy":"category","embeddable":true,"href":"https:\/\/arroyitoonline.com.ar\/index.php?rest_route=%2Fwp%2Fv2%2Fcategories&post=5958"},{"taxonomy":"post_tag","embeddable":true,"href":"https:\/\/arroyitoonline.com.ar\/index.php?rest_route=%2Fwp%2Fv2%2Ftags&post=5958"}],"curies":[{"name":"wp","href":"https:\/\/api.w.org\/{rel}","templated":true}]}}