{"id":5963,"date":"2019-09-30T14:15:44","date_gmt":"2019-09-30T14:15:44","guid":{"rendered":"https:\/\/arroyitoonline.com.ar\/?p=5963"},"modified":"2019-09-30T14:15:45","modified_gmt":"2019-09-30T14:15:45","slug":"le-robo-la-moto-a-su-expareja-y-termino-detenido","status":"publish","type":"post","link":"https:\/\/arroyitoonline.com.ar\/?p=5963","title":{"rendered":"Le rob\u00f3 la moto a su expareja y termin\u00f3 detenido"},"content":{"rendered":"\n<p><strong>La mujer (28) hizo la denuncia, la Polic\u00eda estableci\u00f3 un operativo de rastrillaje recuperando el rodado en el Balneario y aprehendiendo al supuesto autor.<\/strong><\/p>\n\n\n\n<p>El s\u00e1bado 28, a las 11:50 horas, una mujer (28) denunci\u00f3 en la Comisar\u00eda local que su expareja (28) le habr\u00eda sustra\u00eddo de su casa, una moto de su propiedad marca Motomel tipo enduro color verde, sin dominio. <\/p>\n\n\n\n<p>Alertada la movilidad, la Polic\u00eda estableci\u00f3 un operativo de rastrillaje logr\u00e1ndose la recuperaci\u00f3n del rodado en el sector de asadores del Balneario Municipal.<\/p>\n\n\n\n<p>Adem\u00e1s, los uniformados aprehendieron al supuesto autor del hecho, el cual fue trasladado a la dependencia policial poniendo en conocimiento del hecho a la Fiscal\u00eda de Instrucci\u00f3n, desde donde se orden\u00f3 que el hombre quedara alojado por supuesto autor del delito de hurto. <\/p>\n\n\n\n<p>Fuente: informe de la oficial Principal\nJesica Paz, a cargo de la Base Operativa Sector Sur Suboficial Principal\nGustavo Carlos D\u00edaz. <\/p>\n","protected":false},"excerpt":{"rendered":"<p>La mujer (28) hizo la denuncia, la Polic\u00eda estableci\u00f3 un operativo de rastrillaje recuperando el rodado en el Balneario y&hellip;<\/p>\n","protected":false},"author":3,"featured_media":2723,"comment_status":"closed","ping_status":"open","sticky":false,"template":"","format":"standard","meta":{"footnotes":""},"categories":[824],"tags":[66,67,836,430,547,572,635,637,638,825],"class_list":["post-5963","post","type-post","status-publish","format-standard","has-post-thumbnail","hentry","category-policiales-online","tag-arroyito","tag-arroyito-cordoba","tag-arroyito-online","tag-hurto","tag-motos","tag-noticias-de-arroyito-y-zona","tag-policia","tag-policiales","tag-policiales-arroyito","tag-policiales-online"],"_links":{"self":[{"href":"https:\/\/arroyitoonline.com.ar\/index.php?rest_route=\/wp\/v2\/posts\/5963","targetHints":{"allow":["GET"]}}],"collection":[{"href":"https:\/\/arroyitoonline.com.ar\/index.php?rest_route=\/wp\/v2\/posts"}],"about":[{"href":"https:\/\/arroyitoonline.com.ar\/index.php?rest_route=\/wp\/v2\/types\/post"}],"author":[{"embeddable":true,"href":"https:\/\/arroyitoonline.com.ar\/index.php?rest_route=\/wp\/v2\/users\/3"}],"replies":[{"embeddable":true,"href":"https:\/\/arroyitoonline.com.ar\/index.php?rest_route=%2Fwp%2Fv2%2Fcomments&post=5963"}],"version-history":[{"count":1,"href":"https:\/\/arroyitoonline.com.ar\/index.php?rest_route=\/wp\/v2\/posts\/5963\/revisions"}],"predecessor-version":[{"id":5964,"href":"https:\/\/arroyitoonline.com.ar\/index.php?rest_route=\/wp\/v2\/posts\/5963\/revisions\/5964"}],"wp:featuredmedia":[{"embeddable":true,"href":"https:\/\/arroyitoonline.com.ar\/index.php?rest_route=\/wp\/v2\/media\/2723"}],"wp:attachment":[{"href":"https:\/\/arroyitoonline.com.ar\/index.php?rest_route=%2Fwp%2Fv2%2Fmedia&parent=5963"}],"wp:term":[{"taxonomy":"category","embeddable":true,"href":"https:\/\/arroyitoonline.com.ar\/index.php?rest_route=%2Fwp%2Fv2%2Fcategories&post=5963"},{"taxonomy":"post_tag","embeddable":true,"href":"https:\/\/arroyitoonline.com.ar\/index.php?rest_route=%2Fwp%2Fv2%2Ftags&post=5963"}],"curies":[{"name":"wp","href":"https:\/\/api.w.org\/{rel}","templated":true}]}}