{"id":5965,"date":"2019-09-30T14:42:53","date_gmt":"2019-09-30T14:42:53","guid":{"rendered":"https:\/\/arroyitoonline.com.ar\/?p=5965"},"modified":"2019-09-30T14:42:59","modified_gmt":"2019-09-30T14:42:59","slug":"chocaron-de-frente-una-moto-y-un-ford-ka-la-conductora-del-rodado-menor-resulto-con-lesiones-graves","status":"publish","type":"post","link":"https:\/\/arroyitoonline.com.ar\/?p=5965","title":{"rendered":"Chocaron de frente, una moto y un Ford Ka: la conductora del rodado menor result\u00f3 con lesiones graves"},"content":{"rendered":"\n<p><strong>El siniestro vial se produjo en Av. Bernardi esquina Col\u00f3n. La vida de la joven, que iba acompa\u00f1ada de un menor, no corre peligro. <\/strong><\/p>\n\n\n\n<p>Este domingo 29, a las 19:00 horas, se produjo un accidente en la intersecci\u00f3n de la calle Col\u00f3n y la Av. Marcelino Bernardi. <\/p>\n\n\n\n<p>Una mujer (37) circulaba de sur a norte por Av. Bernardi en un Ford Ka color crema. Cuando lleg\u00f3 a la esquina de Col\u00f3n, por causas que tratan de establecerse, colision\u00f3 con una moto Guerrero Trip color negro, conducida por una joven (26) acompa\u00f1ada de un menor (4), quien andaba tambi\u00e9n por la avenida, pero en sentido contrario.<\/p>\n\n\n\n<p>Se hizo presente en el lugar el servicio\nde emergencias local trasladando a los ocupantes del rodado menor al hospital\nmunicipal. La conductora de la moto fue diagnosticada con lesiones graves, pero\nsu vida no corre peligro. Mientras que el ni\u00f1o result\u00f3 ileso. <\/p>\n\n\n\n<p>La Polic\u00eda entreg\u00f3 el procedimiento en\nla Unidad Judicial. <\/p>\n\n\n\n<p>Fuente: informe de la oficial Principal\nJesica Paz, a cargo de la Base Operativa Sector Sur Suboficial Principal\nGustavo Carlos D\u00edaz. <\/p>\n","protected":false},"excerpt":{"rendered":"<p>El siniestro vial se produjo en Av. Bernardi esquina Col\u00f3n. La vida de la joven, que iba acompa\u00f1ada de un&hellip;<\/p>\n","protected":false},"author":3,"featured_media":4281,"comment_status":"closed","ping_status":"open","sticky":false,"template":"","format":"standard","meta":{"footnotes":""},"categories":[824],"tags":[22,23,66,67,836,547,572,635,637,638,825,737],"class_list":["post-5965","post","type-post","status-publish","format-standard","has-post-thumbnail","hentry","category-policiales-online","tag-accidente","tag-accidentes","tag-arroyito","tag-arroyito-cordoba","tag-arroyito-online","tag-motos","tag-noticias-de-arroyito-y-zona","tag-policia","tag-policiales","tag-policiales-arroyito","tag-policiales-online","tag-siniestro-vial"],"_links":{"self":[{"href":"https:\/\/arroyitoonline.com.ar\/index.php?rest_route=\/wp\/v2\/posts\/5965","targetHints":{"allow":["GET"]}}],"collection":[{"href":"https:\/\/arroyitoonline.com.ar\/index.php?rest_route=\/wp\/v2\/posts"}],"about":[{"href":"https:\/\/arroyitoonline.com.ar\/index.php?rest_route=\/wp\/v2\/types\/post"}],"author":[{"embeddable":true,"href":"https:\/\/arroyitoonline.com.ar\/index.php?rest_route=\/wp\/v2\/users\/3"}],"replies":[{"embeddable":true,"href":"https:\/\/arroyitoonline.com.ar\/index.php?rest_route=%2Fwp%2Fv2%2Fcomments&post=5965"}],"version-history":[{"count":1,"href":"https:\/\/arroyitoonline.com.ar\/index.php?rest_route=\/wp\/v2\/posts\/5965\/revisions"}],"predecessor-version":[{"id":5966,"href":"https:\/\/arroyitoonline.com.ar\/index.php?rest_route=\/wp\/v2\/posts\/5965\/revisions\/5966"}],"wp:featuredmedia":[{"embeddable":true,"href":"https:\/\/arroyitoonline.com.ar\/index.php?rest_route=\/wp\/v2\/media\/4281"}],"wp:attachment":[{"href":"https:\/\/arroyitoonline.com.ar\/index.php?rest_route=%2Fwp%2Fv2%2Fmedia&parent=5965"}],"wp:term":[{"taxonomy":"category","embeddable":true,"href":"https:\/\/arroyitoonline.com.ar\/index.php?rest_route=%2Fwp%2Fv2%2Fcategories&post=5965"},{"taxonomy":"post_tag","embeddable":true,"href":"https:\/\/arroyitoonline.com.ar\/index.php?rest_route=%2Fwp%2Fv2%2Ftags&post=5965"}],"curies":[{"name":"wp","href":"https:\/\/api.w.org\/{rel}","templated":true}]}}