{"id":5967,"date":"2019-09-30T15:53:06","date_gmt":"2019-09-30T15:53:06","guid":{"rendered":"https:\/\/arroyitoonline.com.ar\/?p=5967"},"modified":"2019-09-30T15:53:17","modified_gmt":"2019-09-30T15:53:17","slug":"agredio-a-perro-con-un-machete-y-quedo-detenido","status":"publish","type":"post","link":"https:\/\/arroyitoonline.com.ar\/?p=5967","title":{"rendered":"Agredi\u00f3 a perro con un machete y qued\u00f3 detenido"},"content":{"rendered":"\n<p><strong>El hombre de 50 a\u00f1os disip\u00f3 una pelea entre canes y habr\u00eda lastimado al de su vecino propin\u00e1ndole cortes en el pelaje.<\/strong><\/p>\n\n\n\n<p>Este domingo, a las 20:10 horas, un m\u00f3vil policial se comision\u00f3 en Av. Alem al 400, por problemas entre vecinos. <\/p>\n\n\n\n<p>Momentos\nantes, en el lugar, un hombre (50) disip\u00f3 una pelea entre perros y, para tal\nfin, habr\u00eda utilizado un machete (de 50 cent\u00edmetros de largo, con un cabo color\nnegro) lesionando al can de su vecino (26), un animal de altura mediana, pelo marr\u00f3n\nclaro y manchas blancas, realiz\u00e1ndole varios cortes en su pelaje, a la altura\nde la espalda y el cuello. <\/p>\n\n\n\n<p>A su\nllegada, el personal policial aprehendi\u00f3 al masculino consultando con el\nmagistrado de turno, quien imparti\u00f3 la directiva de que quedara alojado a su disposici\u00f3n,\npor supuesta infracci\u00f3n a la Ley Sarmiento N\u00ba 2786.<\/p>\n\n\n\n<p>Fuente:\ninforme de la oficial Principal Jesica Paz, a cargo de la Base Operativa Sector\nSur Suboficial Principal Gustavo Carlos D\u00edaz. <\/p>\n","protected":false},"excerpt":{"rendered":"<p>El hombre de 50 a\u00f1os disip\u00f3 una pelea entre canes y habr\u00eda lastimado al de su vecino propin\u00e1ndole cortes en&hellip;<\/p>\n","protected":false},"author":3,"featured_media":3993,"comment_status":"closed","ping_status":"open","sticky":false,"template":"","format":"standard","meta":{"footnotes":""},"categories":[824],"tags":[37,66,67,836,1033,572,615,635,637,638,825],"class_list":["post-5967","post","type-post","status-publish","format-standard","has-post-thumbnail","hentry","category-policiales-online","tag-agresion","tag-arroyito","tag-arroyito-cordoba","tag-arroyito-online","tag-ley-sarmiento","tag-noticias-de-arroyito-y-zona","tag-perros","tag-policia","tag-policiales","tag-policiales-arroyito","tag-policiales-online"],"_links":{"self":[{"href":"https:\/\/arroyitoonline.com.ar\/index.php?rest_route=\/wp\/v2\/posts\/5967","targetHints":{"allow":["GET"]}}],"collection":[{"href":"https:\/\/arroyitoonline.com.ar\/index.php?rest_route=\/wp\/v2\/posts"}],"about":[{"href":"https:\/\/arroyitoonline.com.ar\/index.php?rest_route=\/wp\/v2\/types\/post"}],"author":[{"embeddable":true,"href":"https:\/\/arroyitoonline.com.ar\/index.php?rest_route=\/wp\/v2\/users\/3"}],"replies":[{"embeddable":true,"href":"https:\/\/arroyitoonline.com.ar\/index.php?rest_route=%2Fwp%2Fv2%2Fcomments&post=5967"}],"version-history":[{"count":1,"href":"https:\/\/arroyitoonline.com.ar\/index.php?rest_route=\/wp\/v2\/posts\/5967\/revisions"}],"predecessor-version":[{"id":5968,"href":"https:\/\/arroyitoonline.com.ar\/index.php?rest_route=\/wp\/v2\/posts\/5967\/revisions\/5968"}],"wp:featuredmedia":[{"embeddable":true,"href":"https:\/\/arroyitoonline.com.ar\/index.php?rest_route=\/wp\/v2\/media\/3993"}],"wp:attachment":[{"href":"https:\/\/arroyitoonline.com.ar\/index.php?rest_route=%2Fwp%2Fv2%2Fmedia&parent=5967"}],"wp:term":[{"taxonomy":"category","embeddable":true,"href":"https:\/\/arroyitoonline.com.ar\/index.php?rest_route=%2Fwp%2Fv2%2Fcategories&post=5967"},{"taxonomy":"post_tag","embeddable":true,"href":"https:\/\/arroyitoonline.com.ar\/index.php?rest_route=%2Fwp%2Fv2%2Ftags&post=5967"}],"curies":[{"name":"wp","href":"https:\/\/api.w.org\/{rel}","templated":true}]}}