{"id":5971,"date":"2019-09-30T18:30:57","date_gmt":"2019-09-30T18:30:57","guid":{"rendered":"https:\/\/arroyitoonline.com.ar\/?p=5971"},"modified":"2019-09-30T18:31:03","modified_gmt":"2019-09-30T18:31:03","slug":"villa-concepcion-chocaron-agredieron-a-la-policia-y-fueron-detenidos","status":"publish","type":"post","link":"https:\/\/arroyitoonline.com.ar\/?p=5971","title":{"rendered":"Villa Concepci\u00f3n: chocaron, agredieron a la Polic\u00eda y fueron detenidos"},"content":{"rendered":"\n<p><strong>Quedaron alojados en la Comisar\u00eda Distrito Arroyito, por supuestos autores de los delitos de amenazas y resistencia a la autoridad. <\/strong><\/p>\n\n\n\n<p>Este domingo 29, a las 22:30 horas, se produjo un accidente de tr\u00e1nsito sobre calle San Martin s\/n de Villa Concepci\u00f3n, lugar m\u00e1s conocido como Los Tres Caminos, en el ingreso sur de la poblaci\u00f3n.<\/p>\n\n\n\n<p>En el sector, personal policial constat\u00f3 que un Fiat Palio de color blanco era conducido por un hombre acompa\u00f1ado por su concubina y sus tres hijas menores de edad. Por razones que tratan de establecerse fue envestido en la parte trasera izquierda por un Fiat 128, de color azul, guiado por un joven (20) domiciliado en La Francia, que iba con su hermano (21). <\/p>\n\n\n\n<p>Luego del siniestro, mientras personal policial se encontraba recabando datos, los ocupantes del Fiat 128 increparon a los efectivos con insultos y amenazas, por lo que la Polic\u00eda aprehendi\u00f3 a ambos j\u00f3venes consultando con el\u00a0magistrado de turno, quien imparti\u00f3 la directiva de que quedaran alojados en la Comisar\u00eda Distrito Arroyito a disposici\u00f3n de la Fiscal\u00eda, por supuestos autores de los delitos de amenazas y resistencia a la autoridad.<\/p>\n\n\n\n<p>Fuente: informe de la oficial Principal Jesica Paz, a cargo de la Base Operativa Sector Sur Suboficial Principal Gustavo Carlos D\u00edaz.<\/p>\n","protected":false},"excerpt":{"rendered":"<p>Quedaron alojados en la Comisar\u00eda Distrito Arroyito, por supuestos autores de los delitos de amenazas y resistencia a la autoridad.&hellip;<\/p>\n","protected":false},"author":3,"featured_media":2727,"comment_status":"closed","ping_status":"open","sticky":false,"template":"","format":"standard","meta":{"footnotes":""},"categories":[824],"tags":[921,66,67,836,191,572,637,638,825,803],"class_list":["post-5971","post","type-post","status-publish","format-standard","has-post-thumbnail","hentry","category-policiales-online","tag-amenaza","tag-arroyito","tag-arroyito-cordoba","tag-arroyito-online","tag-choque","tag-noticias-de-arroyito-y-zona","tag-policiales","tag-policiales-arroyito","tag-policiales-online","tag-villa-concepcion-del-tio"],"_links":{"self":[{"href":"https:\/\/arroyitoonline.com.ar\/index.php?rest_route=\/wp\/v2\/posts\/5971","targetHints":{"allow":["GET"]}}],"collection":[{"href":"https:\/\/arroyitoonline.com.ar\/index.php?rest_route=\/wp\/v2\/posts"}],"about":[{"href":"https:\/\/arroyitoonline.com.ar\/index.php?rest_route=\/wp\/v2\/types\/post"}],"author":[{"embeddable":true,"href":"https:\/\/arroyitoonline.com.ar\/index.php?rest_route=\/wp\/v2\/users\/3"}],"replies":[{"embeddable":true,"href":"https:\/\/arroyitoonline.com.ar\/index.php?rest_route=%2Fwp%2Fv2%2Fcomments&post=5971"}],"version-history":[{"count":1,"href":"https:\/\/arroyitoonline.com.ar\/index.php?rest_route=\/wp\/v2\/posts\/5971\/revisions"}],"predecessor-version":[{"id":5972,"href":"https:\/\/arroyitoonline.com.ar\/index.php?rest_route=\/wp\/v2\/posts\/5971\/revisions\/5972"}],"wp:featuredmedia":[{"embeddable":true,"href":"https:\/\/arroyitoonline.com.ar\/index.php?rest_route=\/wp\/v2\/media\/2727"}],"wp:attachment":[{"href":"https:\/\/arroyitoonline.com.ar\/index.php?rest_route=%2Fwp%2Fv2%2Fmedia&parent=5971"}],"wp:term":[{"taxonomy":"category","embeddable":true,"href":"https:\/\/arroyitoonline.com.ar\/index.php?rest_route=%2Fwp%2Fv2%2Fcategories&post=5971"},{"taxonomy":"post_tag","embeddable":true,"href":"https:\/\/arroyitoonline.com.ar\/index.php?rest_route=%2Fwp%2Fv2%2Ftags&post=5971"}],"curies":[{"name":"wp","href":"https:\/\/api.w.org\/{rel}","templated":true}]}}