{"id":5973,"date":"2019-09-23T19:30:42","date_gmt":"2019-09-23T19:30:42","guid":{"rendered":"https:\/\/arroyitoonline.com.ar\/?p=5973"},"modified":"2019-09-30T20:38:58","modified_gmt":"2019-09-30T20:38:58","slug":"municipio-y-nacion-inauguraron-obras-de-renovacion-urbana-sobre-calle-rivadavia","status":"publish","type":"post","link":"https:\/\/arroyitoonline.com.ar\/?p=5973","title":{"rendered":"Municipio y Naci\u00f3n inauguraron obras de renovaci\u00f3n urbana sobre calle Rivadavia"},"content":{"rendered":"\n<p><strong>Buscan que se favorezca la circulaci\u00f3n de los peatones, sobre todo aquellos con movilidad reducida, en detrimento del tr\u00e1nsito vehicular. <\/strong><\/p>\n\n\n\n<p>El s\u00e1bado 21 de septiembre, en horas de la tarde, el Municipio local juntamente con el Gobierno Nacional, dej\u00f3 inauguradas, de manera formal, las obras de renovaci\u00f3n urbana sobre calle Rivadavia, entre V\u00e9lez Sarsfield y General Paz. <\/p>\n\n\n\n<p>El acto estuvo encabezado por el intendente Mauricio Cravero y el director Nacional de Infraestructura Urbana, Federico Bustello, quien  integra el Ministerio del Interior de la Presidencia de la Naci\u00f3n, ya que la obra fue financiada en conjunto.<\/p>\n\n\n\n<p>Amenizaron el evento las participaciones del Ballet Municipal, el Taller de Folklore del Centro Vecinal Xanaes y la Banda Sinf\u00f3nica Municipal.<\/p>\n\n\n\n<p>Los oradores fueron el secretario de Obras P\u00fablicas, Daniel Lafarina, que aport\u00f3 los datos t\u00e9cnicos de la obra, Bustello, quien remarc\u00f3 la calidad de la ejecuci\u00f3n, y Cravero. <\/p>\n\n\n\n<p>Las obras de renovaci\u00f3n urbana son proyectos cuyo objetivo es el embellecimiento de la ciudad con nuevo y moderno equipamiento urbano y que, al mismo tiempo, favorezca la circulaci\u00f3n de los peatones, sobre todo aquellos con movilidad reducida (ancianos, ni\u00f1os, personas con discapacidad motora), en detrimento del tr\u00e1nsito vehicular.<\/p>\n\n\n\n<p>En este caso se busc\u00f3 adem\u00e1s, la ampliaci\u00f3n de la superficie de la plaza, en beneficio de chicos, familias y visitantes reduciendo espacio destinado a los veh\u00edculos. De esta manera se privilegian los espacios p\u00fablicos donde confluyen las actividades integradoras y de esparcimiento. Siguiendo una tendencia mundial que ya ha arribado a nuestro pa\u00eds, sobre todo en las grandes capitales provinciales y ciudades tur\u00edsticas.<\/p>\n\n\n\n<p>Se destaca que la gran mayor\u00eda de los materiales utilizados fue provista por Presidencia de la Naci\u00f3n, a trav\u00e9s de la Unops, organismo dedicado a la implementaci\u00f3n de proyectos de la Organizaci\u00f3n de las Naciones Unidas.<\/p>\n\n\n\n<p>Las principales obras realizadas fueron:<\/p>\n\n\n\n<p>\u2022&nbsp; Ampliaci\u00f3n del ancho de las veredas, con 800 metros cuadrados de nuevos solados.<\/p>\n\n\n\n<p>\u2022&nbsp; Levantamiento de la calle hasta el mismo nivel de vereda con 700 metros cuadrados de adoquines AH8.<\/p>\n\n\n\n<p>\u2022&nbsp; Colocaci\u00f3n de 28 nuevas luminarias.<\/p>\n\n\n\n<p>\u2022&nbsp; Instalaci\u00f3n de rejillas y construcci\u00f3n de canaletas para el favorecimiento de los desag\u00fces pluviales.<\/p>\n\n\n\n<p>\u2022&nbsp; Reducci\u00f3n de calzada vehicular con 60 bolardos delimitadores.<\/p>\n\n\n\n<p>\u2022&nbsp; Colocaci\u00f3n de bancos en hormig\u00f3n armado visto.<\/p>\n\n\n\n<p>\u2022&nbsp; Colocaci\u00f3n de bicicleteros.<\/p>\n\n\n\n<p>\u2022&nbsp; Forestaci\u00f3n con nuevos \u00e1rboles,&nbsp;flores y arbustos.<\/p>\n\n\n\n<p>\u2022&nbsp; Colocaci\u00f3n de maceteros.<\/p>\n\n\n\n<p>\u2022&nbsp; Otras obras menores.<\/p>\n\n\n\n<p>Fuente: Prensa Municipal. <\/p>\n","protected":false},"excerpt":{"rendered":"<p>Buscan que se favorezca la circulaci\u00f3n de los peatones, sobre todo aquellos con movilidad reducida, en detrimento del tr\u00e1nsito vehicular.&hellip;<\/p>\n","protected":false},"author":3,"featured_media":5974,"comment_status":"closed","ping_status":"open","sticky":false,"template":"","format":"standard","meta":{"footnotes":""},"categories":[829],"tags":[66,67,836,253,837,527,868,555,556,572,578],"class_list":["post-5973","post","type-post","status-publish","format-standard","has-post-thumbnail","hentry","category-municipales-online","tag-arroyito","tag-arroyito-cordoba","tag-arroyito-online","tag-cravero","tag-lafarina","tag-mauricio-cravero","tag-municipales-online","tag-municipalidad","tag-municipalidad-de-arroyito","tag-noticias-de-arroyito-y-zona","tag-obras-publicas"],"_links":{"self":[{"href":"https:\/\/arroyitoonline.com.ar\/index.php?rest_route=\/wp\/v2\/posts\/5973","targetHints":{"allow":["GET"]}}],"collection":[{"href":"https:\/\/arroyitoonline.com.ar\/index.php?rest_route=\/wp\/v2\/posts"}],"about":[{"href":"https:\/\/arroyitoonline.com.ar\/index.php?rest_route=\/wp\/v2\/types\/post"}],"author":[{"embeddable":true,"href":"https:\/\/arroyitoonline.com.ar\/index.php?rest_route=\/wp\/v2\/users\/3"}],"replies":[{"embeddable":true,"href":"https:\/\/arroyitoonline.com.ar\/index.php?rest_route=%2Fwp%2Fv2%2Fcomments&post=5973"}],"version-history":[{"count":4,"href":"https:\/\/arroyitoonline.com.ar\/index.php?rest_route=\/wp\/v2\/posts\/5973\/revisions"}],"predecessor-version":[{"id":5978,"href":"https:\/\/arroyitoonline.com.ar\/index.php?rest_route=\/wp\/v2\/posts\/5973\/revisions\/5978"}],"wp:featuredmedia":[{"embeddable":true,"href":"https:\/\/arroyitoonline.com.ar\/index.php?rest_route=\/wp\/v2\/media\/5974"}],"wp:attachment":[{"href":"https:\/\/arroyitoonline.com.ar\/index.php?rest_route=%2Fwp%2Fv2%2Fmedia&parent=5973"}],"wp:term":[{"taxonomy":"category","embeddable":true,"href":"https:\/\/arroyitoonline.com.ar\/index.php?rest_route=%2Fwp%2Fv2%2Fcategories&post=5973"},{"taxonomy":"post_tag","embeddable":true,"href":"https:\/\/arroyitoonline.com.ar\/index.php?rest_route=%2Fwp%2Fv2%2Ftags&post=5973"}],"curies":[{"name":"wp","href":"https:\/\/api.w.org\/{rel}","templated":true}]}}