{"id":5982,"date":"2019-09-30T21:06:37","date_gmt":"2019-09-30T21:06:37","guid":{"rendered":"https:\/\/arroyitoonline.com.ar\/?p=5982"},"modified":"2019-09-30T21:06:39","modified_gmt":"2019-09-30T21:06:39","slug":"se-viene-una-capacitacion-de-buenas-practicas-de-manufactura","status":"publish","type":"post","link":"https:\/\/arroyitoonline.com.ar\/?p=5982","title":{"rendered":"Se viene una capacitaci\u00f3n de Buenas Pr\u00e1cticas de Manufactura"},"content":{"rendered":"\n<p><strong>El taller es libre y gratuito pero los interesados deben inscribirse con anticipaci\u00f3n. <\/strong><\/p>\n\n\n\n<p>Este martes 1 de octubre a las 12:30 horas, en la Sala de Deliberaciones del edificio municipal, el departamento de Habilitaciones de Comercio, Ambiente y Bromatolog\u00eda brindar\u00e1 una Capacitaci\u00f3n de Buenas Pr\u00e1cticas de Manufacturas. <\/p>\n\n\n\n<p>Las inscripciones, que est\u00e1n abiertas y son gratuitas para p\u00fablico en general, deben realizarse en Rivadavia 380 \u2013 Tel\u00e9fonos 424321 | 422984 | 454560 | 424400 \u2013 Internos 129\/124).<\/p>\n\n\n\n<p>En caso de superarse el cupo de anotados, el taller se realizar\u00e1 en el Teatrillo Municipal, por ello la importancia de la inscripci\u00f3n previa. <\/p>\n\n\n\n<p>Fuente: Prensa Municipal. <\/p>\n","protected":false},"excerpt":{"rendered":"<p>El taller es libre y gratuito pero los interesados deben inscribirse con anticipaci\u00f3n. Este martes 1 de octubre a las&hellip;<\/p>\n","protected":false},"author":3,"featured_media":5983,"comment_status":"closed","ping_status":"open","sticky":false,"template":"","format":"standard","meta":{"footnotes":""},"categories":[829],"tags":[66,67,836,134,1034,153,868,556,572],"class_list":["post-5982","post","type-post","status-publish","format-standard","has-post-thumbnail","hentry","category-municipales-online","tag-arroyito","tag-arroyito-cordoba","tag-arroyito-online","tag-bromatologia","tag-buenas-practicas-de-manufactura","tag-capacitacion","tag-municipales-online","tag-municipalidad-de-arroyito","tag-noticias-de-arroyito-y-zona"],"_links":{"self":[{"href":"https:\/\/arroyitoonline.com.ar\/index.php?rest_route=\/wp\/v2\/posts\/5982","targetHints":{"allow":["GET"]}}],"collection":[{"href":"https:\/\/arroyitoonline.com.ar\/index.php?rest_route=\/wp\/v2\/posts"}],"about":[{"href":"https:\/\/arroyitoonline.com.ar\/index.php?rest_route=\/wp\/v2\/types\/post"}],"author":[{"embeddable":true,"href":"https:\/\/arroyitoonline.com.ar\/index.php?rest_route=\/wp\/v2\/users\/3"}],"replies":[{"embeddable":true,"href":"https:\/\/arroyitoonline.com.ar\/index.php?rest_route=%2Fwp%2Fv2%2Fcomments&post=5982"}],"version-history":[{"count":1,"href":"https:\/\/arroyitoonline.com.ar\/index.php?rest_route=\/wp\/v2\/posts\/5982\/revisions"}],"predecessor-version":[{"id":5984,"href":"https:\/\/arroyitoonline.com.ar\/index.php?rest_route=\/wp\/v2\/posts\/5982\/revisions\/5984"}],"wp:featuredmedia":[{"embeddable":true,"href":"https:\/\/arroyitoonline.com.ar\/index.php?rest_route=\/wp\/v2\/media\/5983"}],"wp:attachment":[{"href":"https:\/\/arroyitoonline.com.ar\/index.php?rest_route=%2Fwp%2Fv2%2Fmedia&parent=5982"}],"wp:term":[{"taxonomy":"category","embeddable":true,"href":"https:\/\/arroyitoonline.com.ar\/index.php?rest_route=%2Fwp%2Fv2%2Fcategories&post=5982"},{"taxonomy":"post_tag","embeddable":true,"href":"https:\/\/arroyitoonline.com.ar\/index.php?rest_route=%2Fwp%2Fv2%2Ftags&post=5982"}],"curies":[{"name":"wp","href":"https:\/\/api.w.org\/{rel}","templated":true}]}}