{"id":5985,"date":"2019-09-30T21:24:02","date_gmt":"2019-09-30T21:24:02","guid":{"rendered":"https:\/\/arroyitoonline.com.ar\/?p=5985"},"modified":"2019-09-30T21:26:53","modified_gmt":"2019-09-30T21:26:53","slug":"la-nueva-sede-local-del-pami-ya-es-una-realidad","status":"publish","type":"post","link":"https:\/\/arroyitoonline.com.ar\/?p=5985","title":{"rendered":"La nueva sede local del PAMI ya es una realidad"},"content":{"rendered":"\n<p><strong>La remodelaci\u00f3n fue ejecutada por la secretar\u00eda municipal de Obras P\u00fablicas en el local de Mitre 310, alquilado por el Municipio. <\/strong><\/p>\n\n\n\n<p>En la ma\u00f1ana del viernes 27, autoridades municipales y directivos del Programa de Atenci\u00f3n M\u00e9dica Integral, inauguraron la nueva sede de PAMI local, ubicada en Bartolom\u00e9 Mitre 310, en el c\u00e9ntrico local cuyo alquiler afronta el Municipio. <\/p>\n\n\n\n<p>En la\u00a0inauguraci\u00f3n estuvieron presentes el intendente Mauricio Cravero, la viceintendente Graciela Tristany, el secretario de Obras Publicas Daniel Lafarina, integrantes del Departamento Ejecutivo, el director Ejecutivo de PAMI C\u00f3rdoba Juan Carlos Zazzetti, el jefe de la Agencia PAMI Arroyito Roberto Tabacchi y su personal, ciudadanas Ilustres, afiliados, residentes del Hogar de Ancianos Juan XXIII y p\u00fablico en general.<\/p>\n\n\n\n<figure><iframe loading=\"lazy\" src=\"https:\/\/www.facebook.com\/plugins\/video.php?href=https%3A%2F%2Fwww.facebook.com%2Farroyitoonlineoficial%2Fvideos%2F437436600207659%2F&amp;show_text=0&amp;width=560\" width=\"560\" height=\"315\" allowfullscreen=\"true\"><\/iframe><\/figure>\n\n\n\n<p>En la oportunidad, Cravero manifest\u00f3 su alegr\u00eda y agradeci\u00f3&nbsp;a Zazzetti, por atender su pedido y haberse puesto a su total disposici\u00f3n para llegar hoy&nbsp;a tener esta nueva sede anhelada por todos los afiliados y as\u00ed garantizarles un mejor servicio y confort que podr\u00e1n disfrutar, en un espacio adecuado a sus necesidades.<\/p>\n\n\n\n<p>La obra const\u00f3 de la remodelaci\u00f3n integral ejecutada por la secretar\u00eda municipal de Obras P\u00fablicas, para brindar una&nbsp;mejor calidad de atenci\u00f3n desde lo edilicio, con nuevos boxes de atenci\u00f3n al p\u00fablico, sala de espera para no menos de 25 personas, sanitarios adaptados y mayor confortabilidad, en un trabajo conjunto de Municipio-Naci\u00f3n. <\/p>\n\n\n\n<p>Fuente: Prensa Municipal. <\/p>\n","protected":false},"excerpt":{"rendered":"<p>La remodelaci\u00f3n fue ejecutada por la secretar\u00eda municipal de Obras P\u00fablicas en el local de Mitre 310, alquilado por el&hellip;<\/p>\n","protected":false},"author":3,"featured_media":5986,"comment_status":"closed","ping_status":"open","sticky":false,"template":"","format":"standard","meta":{"footnotes":""},"categories":[829],"tags":[66,67,836,857,868,555,556,572,856],"class_list":["post-5985","post","type-post","status-publish","format-standard","has-post-thumbnail","hentry","category-municipales-online","tag-arroyito","tag-arroyito-cordoba","tag-arroyito-online","tag-gobierno-nacional","tag-municipales-online","tag-municipalidad","tag-municipalidad-de-arroyito","tag-noticias-de-arroyito-y-zona","tag-pami"],"_links":{"self":[{"href":"https:\/\/arroyitoonline.com.ar\/index.php?rest_route=\/wp\/v2\/posts\/5985","targetHints":{"allow":["GET"]}}],"collection":[{"href":"https:\/\/arroyitoonline.com.ar\/index.php?rest_route=\/wp\/v2\/posts"}],"about":[{"href":"https:\/\/arroyitoonline.com.ar\/index.php?rest_route=\/wp\/v2\/types\/post"}],"author":[{"embeddable":true,"href":"https:\/\/arroyitoonline.com.ar\/index.php?rest_route=\/wp\/v2\/users\/3"}],"replies":[{"embeddable":true,"href":"https:\/\/arroyitoonline.com.ar\/index.php?rest_route=%2Fwp%2Fv2%2Fcomments&post=5985"}],"version-history":[{"count":2,"href":"https:\/\/arroyitoonline.com.ar\/index.php?rest_route=\/wp\/v2\/posts\/5985\/revisions"}],"predecessor-version":[{"id":5988,"href":"https:\/\/arroyitoonline.com.ar\/index.php?rest_route=\/wp\/v2\/posts\/5985\/revisions\/5988"}],"wp:featuredmedia":[{"embeddable":true,"href":"https:\/\/arroyitoonline.com.ar\/index.php?rest_route=\/wp\/v2\/media\/5986"}],"wp:attachment":[{"href":"https:\/\/arroyitoonline.com.ar\/index.php?rest_route=%2Fwp%2Fv2%2Fmedia&parent=5985"}],"wp:term":[{"taxonomy":"category","embeddable":true,"href":"https:\/\/arroyitoonline.com.ar\/index.php?rest_route=%2Fwp%2Fv2%2Fcategories&post=5985"},{"taxonomy":"post_tag","embeddable":true,"href":"https:\/\/arroyitoonline.com.ar\/index.php?rest_route=%2Fwp%2Fv2%2Ftags&post=5985"}],"curies":[{"name":"wp","href":"https:\/\/api.w.org\/{rel}","templated":true}]}}