{"id":5989,"date":"2019-09-30T22:01:46","date_gmt":"2019-09-30T22:01:46","guid":{"rendered":"https:\/\/arroyitoonline.com.ar\/?p=5989"},"modified":"2019-09-30T22:01:52","modified_gmt":"2019-09-30T22:01:52","slug":"se-desarrollo-la-17ma-maraton-de-lectura","status":"publish","type":"post","link":"https:\/\/arroyitoonline.com.ar\/?p=5989","title":{"rendered":"Se desarroll\u00f3 la 17ma. Marat\u00f3n de Lectura"},"content":{"rendered":"\n<p><strong>La Biblioteca Municipal Popular Almafuerte adhiri\u00f3 a esta acci\u00f3n, que se desarroll\u00f3 en la Plaza 25 de Mayo.<\/strong><\/p>\n\n\n\n<p>En el marco del Programa de Fundaci\u00f3n Leer, la Biblioteca Municipal Popular Almafuerte adhiri\u00f3 a la 17ma. Marat\u00f3n de Lectura 2019 que se desarroll\u00f3 el viernes 27 de septiembre, en la Plaza 25 de Mayo. El evento cont\u00f3 con la participaci\u00f3n de m\u00e1s de 1.000 alumnos de las escuelas invitadas que est\u00e1n cumpliendo sus 150 a\u00f1os: Manuel Belgrano y Jos\u00e9 Mar\u00eda Paz; acompa\u00f1adas por la escuela Santa Mar\u00eda de Cervell\u00f3n. <\/p>\n\n\n\n<p>Bajo el Lema: &#8220;Leer para otros es llevar m\u00e1s lejos la lectura&#8221;, los docentes y estudiantes realizaron actividades previas, confecci\u00f3n de pancartas,\u00a0 emoticones y afiches para registro de lecturas. La biblioteca, por su parte,\u00a0 seleccion\u00f3 los libros de las valijas viajeras y confeccion\u00f3 la pancarta con el lema para ambientar el lugar.<\/p>\n\n\n\n<p>Durante la jornada se desarrollaron entre otras acciones:<\/p>\n\n\n\n<p>Representaci\u00f3n de un poema a cargo de la Srta. Silvina Brizio.<\/p>\n\n\n\n<p>Presentaci\u00f3n de los Proyectos: &#8220;Para reconocer al camino Real como Patrimonio Hist\u00f3rico&#8221;, basado en el&nbsp; libro del Prof. Jos\u00e9 Luis Colazo.<\/p>\n\n\n\n<p>&#8220;Siguiendo los pasos de Sherlock&#8221; y&nbsp; &#8220;Quien apaga las estrellas&#8221;.<\/p>\n\n\n\n<p>Luego cada grado, con su se\u00f1o y padres, ambient\u00f3 el espacio elegido y sus integrantes leyeron libros seleccionados de las valijas viejeras a otros compa\u00f1eros, padres y se\u00f1oritas; dejando sus registros de lectura en afiches. Cuando finalizaba la jornada se entregaron certificados de participaci\u00f3n.<\/p>\n\n\n\n<p>Con este evento se cumplieron los objetivos del Programa: &#8220;Que todos puedan leer para otros&#8221;.<\/p>\n\n\n\n<p>Fuente: Prensa Municipal. <\/p>\n","protected":false},"excerpt":{"rendered":"<p>La Biblioteca Municipal Popular Almafuerte adhiri\u00f3 a esta acci\u00f3n, que se desarroll\u00f3 en la Plaza 25 de Mayo. En el&hellip;<\/p>\n","protected":false},"author":3,"featured_media":5990,"comment_status":"closed","ping_status":"open","sticky":false,"template":"","format":"standard","meta":{"footnotes":""},"categories":[2],"tags":[66,67,836,117,886,345,346,348,1035,489,499,572],"class_list":["post-5989","post","type-post","status-publish","format-standard","has-post-thumbnail","hentry","category-cultura-y-espectaculos","tag-arroyito","tag-arroyito-cordoba","tag-arroyito-online","tag-biblioteca","tag-biblioteca-municipal-popular-almafuerte","tag-escuela-jose-maria-paz","tag-escuela-manuel-belgrano","tag-escuelas","tag-fundacion-leer","tag-lectura","tag-literatura","tag-noticias-de-arroyito-y-zona"],"_links":{"self":[{"href":"https:\/\/arroyitoonline.com.ar\/index.php?rest_route=\/wp\/v2\/posts\/5989","targetHints":{"allow":["GET"]}}],"collection":[{"href":"https:\/\/arroyitoonline.com.ar\/index.php?rest_route=\/wp\/v2\/posts"}],"about":[{"href":"https:\/\/arroyitoonline.com.ar\/index.php?rest_route=\/wp\/v2\/types\/post"}],"author":[{"embeddable":true,"href":"https:\/\/arroyitoonline.com.ar\/index.php?rest_route=\/wp\/v2\/users\/3"}],"replies":[{"embeddable":true,"href":"https:\/\/arroyitoonline.com.ar\/index.php?rest_route=%2Fwp%2Fv2%2Fcomments&post=5989"}],"version-history":[{"count":1,"href":"https:\/\/arroyitoonline.com.ar\/index.php?rest_route=\/wp\/v2\/posts\/5989\/revisions"}],"predecessor-version":[{"id":5991,"href":"https:\/\/arroyitoonline.com.ar\/index.php?rest_route=\/wp\/v2\/posts\/5989\/revisions\/5991"}],"wp:featuredmedia":[{"embeddable":true,"href":"https:\/\/arroyitoonline.com.ar\/index.php?rest_route=\/wp\/v2\/media\/5990"}],"wp:attachment":[{"href":"https:\/\/arroyitoonline.com.ar\/index.php?rest_route=%2Fwp%2Fv2%2Fmedia&parent=5989"}],"wp:term":[{"taxonomy":"category","embeddable":true,"href":"https:\/\/arroyitoonline.com.ar\/index.php?rest_route=%2Fwp%2Fv2%2Fcategories&post=5989"},{"taxonomy":"post_tag","embeddable":true,"href":"https:\/\/arroyitoonline.com.ar\/index.php?rest_route=%2Fwp%2Fv2%2Ftags&post=5989"}],"curies":[{"name":"wp","href":"https:\/\/api.w.org\/{rel}","templated":true}]}}