{"id":5992,"date":"2019-09-23T10:09:00","date_gmt":"2019-09-23T10:09:00","guid":{"rendered":"https:\/\/arroyitoonline.com.ar\/?p=5992"},"modified":"2019-09-30T22:52:09","modified_gmt":"2019-09-30T22:52:09","slug":"la-primavera-sin-alcohol-exploto-con-cuento-viejo-y-los-caligaris","status":"publish","type":"post","link":"https:\/\/arroyitoonline.com.ar\/?p=5992","title":{"rendered":"La Primavera sin alcohol explot\u00f3 con Cuento Viejo y Los Caligaris"},"content":{"rendered":"\n<p><strong>Junto a Josesito DJ, le imprimieron fiesta y alegr\u00eda a j\u00f3venes y familias que se acercaron a la Plaza Eva Per\u00f3n.<\/strong><\/p>\n\n\n\n<p>El viernes 20 de septiembre, como todos los a\u00f1os, la plaza Eva Per\u00f3n fue sede de una nueva edici\u00f3n de la Fiesta de la Primavera sin alcohol, que cont\u00f3 con dos grandes atractivos musicales.<\/p>\n\n\n\n<p>El evento se desarrollo con total \u00e9xito y con buen marco de p\u00fablico, entre estudiantes y familias, que disfrutaron de una jornada espectacular. <\/p>\n\n\n\n<p>El festejo inici\u00f3 de la mano de Josecito DJ, que le puso toda la onda, con la m\u00fasica del momento y tambi\u00e9n algunos hits del recuerdo. M\u00e1s tarde, los Cuento Viejo, la banda local del momento, abri\u00f3 el escenario poni\u00e9ndole a la noche un gran clima festivo\u00a0y dejando al p\u00fablico \u00e1vido de recibir a Los Caligaris, con un show de nivel internacional. Lluvia de papeles, acrobacias circenses y desbordante energ\u00eda, en una hora y media del espect\u00e1culo Esp\u00edritu Payaso. Adem\u00e1s, los cordobeses que le rinden culto al fernet, al asado, a los alfajores y a las mujeres, presentaron en Arroyito temas de su flamante disco, Salva. <\/p>\n\n\n\n<p>Antes de subirse al tablado, los integrantes Los Caligaris, juntamente con el intendente Mauricio Cravero, ofrecieron una conferencia de prensa a los medios de comunicaci\u00f3n, en las instalaciones del Nivel Primario de la Escuela Dr. Dalmacio V\u00e9lez Sarsfield, donde manifestaron su alegr\u00eda por la vuelta a la dulce ciudad. <\/p>\n\n\n\n<p>En la rueda de prensa, Cravero les entreg\u00f3 un presente con productos Arcor y agradeci\u00f3 la presencia de la banda. Los m\u00fasicos respondieron diciendo que era un gusto estar en Arroyito, ya que es una de las localidades m\u00e1s convocantes de la ruta 19.<\/p>\n\n\n\n<p>El primer mandatario tambi\u00e9n resalto el excelente comportamiento de los j\u00f3venes que se dieron cita y felicit\u00f3 el buen rol del operativo de seguridad.\u00a0<\/p>\n\n\n\n<p>Fuente: Prensa Municipal. <\/p>\n","protected":false},"excerpt":{"rendered":"<p>Junto a Josesito DJ, le imprimieron fiesta y alegr\u00eda a j\u00f3venes y familias que se acercaron a la Plaza Eva&hellip;<\/p>\n","protected":false},"author":3,"featured_media":5993,"comment_status":"closed","ping_status":"open","sticky":false,"template":"","format":"standard","meta":{"footnotes":""},"categories":[826],"tags":[66,67,836,831,372,1036,559,572,651],"class_list":["post-5992","post","type-post","status-publish","format-standard","has-post-thumbnail","hentry","category-espectaculos-online","tag-arroyito","tag-arroyito-cordoba","tag-arroyito-online","tag-cuento-viejo","tag-fiesta","tag-fiesta-de-la-primavera","tag-musica","tag-noticias-de-arroyito-y-zona","tag-primavera"],"_links":{"self":[{"href":"https:\/\/arroyitoonline.com.ar\/index.php?rest_route=\/wp\/v2\/posts\/5992","targetHints":{"allow":["GET"]}}],"collection":[{"href":"https:\/\/arroyitoonline.com.ar\/index.php?rest_route=\/wp\/v2\/posts"}],"about":[{"href":"https:\/\/arroyitoonline.com.ar\/index.php?rest_route=\/wp\/v2\/types\/post"}],"author":[{"embeddable":true,"href":"https:\/\/arroyitoonline.com.ar\/index.php?rest_route=\/wp\/v2\/users\/3"}],"replies":[{"embeddable":true,"href":"https:\/\/arroyitoonline.com.ar\/index.php?rest_route=%2Fwp%2Fv2%2Fcomments&post=5992"}],"version-history":[{"count":1,"href":"https:\/\/arroyitoonline.com.ar\/index.php?rest_route=\/wp\/v2\/posts\/5992\/revisions"}],"predecessor-version":[{"id":5994,"href":"https:\/\/arroyitoonline.com.ar\/index.php?rest_route=\/wp\/v2\/posts\/5992\/revisions\/5994"}],"wp:featuredmedia":[{"embeddable":true,"href":"https:\/\/arroyitoonline.com.ar\/index.php?rest_route=\/wp\/v2\/media\/5993"}],"wp:attachment":[{"href":"https:\/\/arroyitoonline.com.ar\/index.php?rest_route=%2Fwp%2Fv2%2Fmedia&parent=5992"}],"wp:term":[{"taxonomy":"category","embeddable":true,"href":"https:\/\/arroyitoonline.com.ar\/index.php?rest_route=%2Fwp%2Fv2%2Fcategories&post=5992"},{"taxonomy":"post_tag","embeddable":true,"href":"https:\/\/arroyitoonline.com.ar\/index.php?rest_route=%2Fwp%2Fv2%2Ftags&post=5992"}],"curies":[{"name":"wp","href":"https:\/\/api.w.org\/{rel}","templated":true}]}}