{"id":5996,"date":"2019-10-01T12:21:29","date_gmt":"2019-10-01T12:21:29","guid":{"rendered":"https:\/\/arroyitoonline.com.ar\/?p=5996"},"modified":"2019-10-01T12:21:36","modified_gmt":"2019-10-01T12:21:36","slug":"cuerpo-a-cuerpo-bomberos-de-arroyito-le-dan-pelea-al-fuego-en-las-sierras","status":"publish","type":"post","link":"https:\/\/arroyitoonline.com.ar\/?p=5996","title":{"rendered":"Cuerpo a cuerpo: Bomberos de Arroyito le dan pelea al fuego en las Sierras"},"content":{"rendered":"\n<p><strong>A bordo del m\u00f3vil 25 y junto a colegas de Devoto, Freyre y San Francisco, nuestros h\u00e9roes combaten los incendios en cercan\u00edas a Mina Clavero.<\/strong><\/p>\n\n\n\n<p>La dotaci\u00f3n de Bomberos Voluntarios de Arroyito que viaj\u00f3 a las Sierras de C\u00f3rdoba para darle batalla al fuego se encuentra en buen estado de salud. Ayer, el m\u00f3vil 25 se abr\u00eda camino acompa\u00f1ado por otros colegas de Devoto, Freyre y San Francisco.<\/p>\n\n\n\n<p>En la madrugada de ayer trabajaron en cercan\u00edas de Salsacate, pasando a la ma\u00f1ana por Las Palmas y siendo direccionados luego a Mina Clavero en el mediod\u00eda.<\/p>\n\n\n\n<figure><iframe loading=\"lazy\" src=\"https:\/\/www.facebook.com\/plugins\/video.php?href=https%3A%2F%2Fwww.facebook.com%2Fbomberosarroyito%2Fvideos%2F1110545119151694%2F&amp;show_text=0&amp;width=560\" width=\"560\" height=\"308\" allowfullscreen=\"true\"><\/iframe><\/figure>\n\n\n\n<p>Junto con la Regional 1, bajo el mando de personal de bomberos locales, los nuestros fueron trabajando en distintos puntos pero manteni\u00e9ndose en las inmediaciones de la\u00a0ciudad de Mina Clavero donde la situaci\u00f3n era cr\u00edtica, como lo muestran las im\u00e1genes.<br><\/p>\n\n\n\n<p>Atacando al fuego de manera directa, con mochilas y herramientas de zapa -equipamiento para incendios forestales-, e indirecta, a trav\u00e9s de arriesgados contrafuegos para parar el frente de fuego.<\/p>\n\n\n\n<figure><iframe loading=\"lazy\" src=\"https:\/\/www.facebook.com\/plugins\/post.php?href=https%3A%2F%2Fwww.facebook.com%2Fbomberosarroyito%2Fposts%2F2424004647695361&amp;width=500\" width=\"500\" height=\"814\"><\/iframe><\/figure>\n\n\n\n<p>Si bien algunas partes cr\u00edticas del incendio fueron controladas, otras tantas contin\u00faan activas. Anoche, despu\u00e9s de una breve cena, se encontraban trabajando una vez m\u00e1s junto a Devoto, Freyre y San Francisco en varios reinicios, ya que el viento a esa hora todav\u00eda continuaba haciendo su efecto.<\/p>\n\n\n\n<p>Fuente: Facebook Asociaci\u00f3n Bomberos Voluntarios de Arroyito.<\/p>\n","protected":false},"excerpt":{"rendered":"<p>A bordo del m\u00f3vil 25 y junto a colegas de Devoto, Freyre y San Francisco, nuestros h\u00e9roes combaten los incendios&hellip;<\/p>\n","protected":false},"author":3,"featured_media":5997,"comment_status":"closed","ping_status":"open","sticky":false,"template":"","format":"standard","meta":{"footnotes":""},"categories":[913],"tags":[66,67,836,127,128,129,435,572],"class_list":["post-5996","post","type-post","status-publish","format-standard","has-post-thumbnail","hentry","category-medio-ambiente","tag-arroyito","tag-arroyito-cordoba","tag-arroyito-online","tag-bomberos-arroyito","tag-bomberos-de-arroyito","tag-bomberos-voluntarios","tag-incendio","tag-noticias-de-arroyito-y-zona"],"_links":{"self":[{"href":"https:\/\/arroyitoonline.com.ar\/index.php?rest_route=\/wp\/v2\/posts\/5996","targetHints":{"allow":["GET"]}}],"collection":[{"href":"https:\/\/arroyitoonline.com.ar\/index.php?rest_route=\/wp\/v2\/posts"}],"about":[{"href":"https:\/\/arroyitoonline.com.ar\/index.php?rest_route=\/wp\/v2\/types\/post"}],"author":[{"embeddable":true,"href":"https:\/\/arroyitoonline.com.ar\/index.php?rest_route=\/wp\/v2\/users\/3"}],"replies":[{"embeddable":true,"href":"https:\/\/arroyitoonline.com.ar\/index.php?rest_route=%2Fwp%2Fv2%2Fcomments&post=5996"}],"version-history":[{"count":1,"href":"https:\/\/arroyitoonline.com.ar\/index.php?rest_route=\/wp\/v2\/posts\/5996\/revisions"}],"predecessor-version":[{"id":5998,"href":"https:\/\/arroyitoonline.com.ar\/index.php?rest_route=\/wp\/v2\/posts\/5996\/revisions\/5998"}],"wp:featuredmedia":[{"embeddable":true,"href":"https:\/\/arroyitoonline.com.ar\/index.php?rest_route=\/wp\/v2\/media\/5997"}],"wp:attachment":[{"href":"https:\/\/arroyitoonline.com.ar\/index.php?rest_route=%2Fwp%2Fv2%2Fmedia&parent=5996"}],"wp:term":[{"taxonomy":"category","embeddable":true,"href":"https:\/\/arroyitoonline.com.ar\/index.php?rest_route=%2Fwp%2Fv2%2Fcategories&post=5996"},{"taxonomy":"post_tag","embeddable":true,"href":"https:\/\/arroyitoonline.com.ar\/index.php?rest_route=%2Fwp%2Fv2%2Ftags&post=5996"}],"curies":[{"name":"wp","href":"https:\/\/api.w.org\/{rel}","templated":true}]}}