{"id":5999,"date":"2019-10-01T13:16:02","date_gmt":"2019-10-01T13:16:02","guid":{"rendered":"https:\/\/arroyitoonline.com.ar\/?p=5999"},"modified":"2019-10-01T18:11:30","modified_gmt":"2019-10-01T18:11:30","slug":"benedetti-sera-candidato-a-intendente-en-alianza-con-el-peronismo-de-cordoba","status":"publish","type":"post","link":"https:\/\/arroyitoonline.com.ar\/?p=5999","title":{"rendered":"Benedetti ser\u00e1 candidato a intendente en alianza con el Peronismo de C\u00f3rdoba"},"content":{"rendered":"\n<p><strong>En un comunicado, Todos Juntos y Hacemos por Arroyito anunciaron su <em>&#8220;unificaci\u00f3n&#8221;<\/em>, aunque el viernes pasado, la Junta electoral local no hizo lugar al pedido de fusi\u00f3n.<\/strong><\/p>\n\n\n\n<p>Anoche, el concejal radical Gustavo Benedetti ratific\u00f3 su participaci\u00f3n en las elecciones generales del 10 de noviembre a trav\u00e9s de la unificaci\u00f3n de dos frentes partidarios. Por un lado, <strong>Todos Juntos por Arroyito <\/strong>(Frente C\u00edvico, PAIS y PRO) y, por el otro, <strong>Hacemos por Arroyito<\/strong> (Partido Justicialista, Movimiento de Integraci\u00f3n y Desarrollo; Partido FE; Movimiento de Acci\u00f3n Vecinal; Partido Liberal Republicano; Partido GEN; Partido UNITE POR LA LIBERTAD Y LA DIGNIDAD). <\/p>\n\n\n\n<p>El comunicado, que lleva un membrete donde puede leerse &#8220;TODOS JUNTOS Hacemos por Arroyito&#8221; est\u00e1 firmado por los apoderados de ambas alianzas: Mart\u00edn Ar\u00e9valo (Frente Todos Juntos por Arroyito) y Alejandra D\u00edaz (Hacemos por Arroyito y presidenta del PJ local) y por el propio Benedetti.<\/p>\n\n\n\n<p>En la nota enviada a los medios de comunicaci\u00f3n, se informa que la candidatura del edil y exintendente<em> &#8220;cuenta con el apoyo de distintas fuerzas partidarias, nuevos dirigentes pol\u00edticos locales, dirigentes pol\u00edticos hist\u00f3ricos de nuestra comunidad y del gobierno de la provincia de C\u00f3rdoba&#8221;<\/em>.<\/p>\n\n\n\n<div class=\"wp-block-image\"><figure class=\"aligncenter\"><img loading=\"lazy\" decoding=\"async\" width=\"585\" height=\"990\" src=\"https:\/\/arroyitoonline.com.ar\/wp-content\/uploads\/2019\/10\/comunicado-fusi\u00f3n-todos-juntos-hacemos.jpg\" alt=\"\" class=\"wp-image-6000\" srcset=\"https:\/\/arroyitoonline.com.ar\/wp-content\/uploads\/2019\/10\/comunicado-fusi\u00f3n-todos-juntos-hacemos.jpg 585w, https:\/\/arroyitoonline.com.ar\/wp-content\/uploads\/2019\/10\/comunicado-fusi\u00f3n-todos-juntos-hacemos-177x300.jpg 177w\" sizes=\"auto, (max-width: 585px) 100vw, 585px\" \/><figcaption><em>El comunicado con las firmas de los apoderados y la del propio Benedetti<\/em><\/figcaption><\/figure><\/div>\n\n\n\n<p>De este modo se infiere que, tras 36 a\u00f1os, el Peronismo de Arroyito no llevar\u00e1 candidato propio, sino que avalar\u00e1 la presentaci\u00f3n de una lista mixta encabezada por un referente indiscutido del Radicalismo, como lo es Benedetti.<\/p>\n\n\n\n<p>Aunque este hecho ha generado reacciones positivas y otras negativas, en los senos de ambos partidos pol\u00edticos, desde el entorno del exprimer mandario local hablan de<em> &#8220;amplitud&#8221;<\/em>, cuesti\u00f3n que se ver\u00eda reflejada en los nombres que ser\u00e1n anunciados el pr\u00f3ximo lunes 7, en conferencia de prensa, y con la potencial presencia de un funcionario provincial de primera l\u00ednea.<\/p>\n\n\n\n<p><strong>Qu\u00e9 dijo la Junta Electoral<\/strong><\/p>\n\n\n\n<p>El viernes pasado, luego de que venciera el plazo para la presentaci\u00f3n de alianzas (el 26 de septiembre), los integrantes de la Junta Electoral (docentes Graciela S\u00e1nchez, Diego Nagel y Gustavo Montero) enviaron la Circular N\u00b0 06\/2019, donde informaron que<em>`\u201cTODOS JUNTOS POR ARROYITO\u201d y \u201cHACEMOS POR ARROYITO\u201d, a trav\u00e9s de sus apoderados, presentaron \u201cACTA DE FUSI\u00d3N\u201d, procurando crear el espacio pol\u00edtico \u201cTODOS JUNTOS HACEMOS POR ARROYITO\u201d; ante esta situaci\u00f3n, observ\u00e1ndose que dicha nota no est\u00e1 debidamente avalada por la Justicia Electoral Provincial, teniendo presente los articulados de la Ordenanza 1486\/2011, \u201cC\u00f3digo Electoral Municipal\u201d, que no contempla la FUSI\u00d3N de Alianzas, y atendiendo al car\u00e1cter supletorio de esta norma municipal, a trav\u00e9s de la Ley N\u00b0 9572 (R\u00e9gimen Jur\u00eddico de los Partidos Pol\u00edticos), que dice: \u201cCap\u00edtulo 3. Fusi\u00f3n de Partidos. Alianzas y Confederaciones|ART\u00cdCULO 25.-&nbsp;Fusi\u00f3n. Los partidos provinciales y municipales o comunales pueden fusionarse entre s\u00ed. El reconocimiento del nuevo partido resultante de la fusi\u00f3n debe solicitarse ante el Juzgado Electoral Provincial.\u201d Es por ello, que tambi\u00e9n se procede a la consulta ante el Juzgado Electoral Provincial, quienes nos informan que no est\u00e1 reconocida debidamente, esta FUSI\u00d3N. Por tal motivo, est\u00e1 Junta Electoral Municipal <strong>NO RECONOCE EST\u00c1 FUSI\u00d3N<\/strong>\u00b4<\/em>.<\/p>\n\n\n\n<p><strong>\u00bfQu\u00e9 pasa con el PRO?<\/strong><\/p>\n\n\n\n<p>En los \u00faltimos d\u00edas se viraliz\u00f3 un documento presentado ante la Jueza Electoral Provincial, por parte de la apoderada del PRO \u2013 Propuesta Republicana, Silvia Gabriela Paleo, a trav\u00e9s del cual solicita<em> &#8220;abandonar la alianza electoral transitoria Todos Juntos por Arroyito, por razones pol\u00edticas que hacen inviable su continuidad en la alianza&#8221;<\/em>.<\/p>\n\n\n\n<div class=\"wp-block-image\"><figure class=\"aligncenter\"><img loading=\"lazy\" decoding=\"async\" width=\"343\" height=\"590\" src=\"https:\/\/arroyitoonline.com.ar\/wp-content\/uploads\/2019\/10\/pedido-pro-abandono-alianza.png\" alt=\"\" class=\"wp-image-6003\" srcset=\"https:\/\/arroyitoonline.com.ar\/wp-content\/uploads\/2019\/10\/pedido-pro-abandono-alianza.png 343w, https:\/\/arroyitoonline.com.ar\/wp-content\/uploads\/2019\/10\/pedido-pro-abandono-alianza-174x300.png 174w\" sizes=\"auto, (max-width: 343px) 100vw, 343px\" \/><figcaption><em>El pedido de la apoderada del PRO, ante la jueza Electoral Provincial<\/em><\/figcaption><\/figure><\/div>\n\n\n\n<p>El viernes pasado, tambi\u00e9n mediante la Circular N\u00b0 06\/2019 se expidi\u00f3 al respecto la Junta Electoral Municipal manifestando que<em>`Que atento a trascendidos, que el PRO (Partido Republicano) de ABANDONAR LA ALIANZA ELECTORAL TRANSITORIA \u201cTODOS JUNTOS POR ARROYITO\u201d, consultado el Juzgado Electoral Provincial, nos informa que no se da a lugar ese pedido por haber sido realizado en forma extempor\u00e1nea\u00b4<\/em>.<\/p>\n","protected":false},"excerpt":{"rendered":"<p>En un comunicado, Todos Juntos y Hacemos por Arroyito anunciaron su &#8220;unificaci\u00f3n&#8221;, aunque el viernes pasado, la Junta electoral local&hellip;<\/p>\n","protected":false},"author":3,"featured_media":5194,"comment_status":"closed","ping_status":"open","sticky":false,"template":"","format":"standard","meta":{"footnotes":""},"categories":[8],"tags":[13,66,67,836,115,318,968,454,572,640,918],"class_list":["post-5999","post","type-post","status-publish","format-standard","has-post-thumbnail","hentry","category-politica","tag-13","tag-arroyito","tag-arroyito-cordoba","tag-arroyito-online","tag-benedetti","tag-elecciones","tag-gustavo-benedetti","tag-intendente","tag-noticias-de-arroyito-y-zona","tag-politica","tag-politica-online"],"_links":{"self":[{"href":"https:\/\/arroyitoonline.com.ar\/index.php?rest_route=\/wp\/v2\/posts\/5999","targetHints":{"allow":["GET"]}}],"collection":[{"href":"https:\/\/arroyitoonline.com.ar\/index.php?rest_route=\/wp\/v2\/posts"}],"about":[{"href":"https:\/\/arroyitoonline.com.ar\/index.php?rest_route=\/wp\/v2\/types\/post"}],"author":[{"embeddable":true,"href":"https:\/\/arroyitoonline.com.ar\/index.php?rest_route=\/wp\/v2\/users\/3"}],"replies":[{"embeddable":true,"href":"https:\/\/arroyitoonline.com.ar\/index.php?rest_route=%2Fwp%2Fv2%2Fcomments&post=5999"}],"version-history":[{"count":3,"href":"https:\/\/arroyitoonline.com.ar\/index.php?rest_route=\/wp\/v2\/posts\/5999\/revisions"}],"predecessor-version":[{"id":6013,"href":"https:\/\/arroyitoonline.com.ar\/index.php?rest_route=\/wp\/v2\/posts\/5999\/revisions\/6013"}],"wp:featuredmedia":[{"embeddable":true,"href":"https:\/\/arroyitoonline.com.ar\/index.php?rest_route=\/wp\/v2\/media\/5194"}],"wp:attachment":[{"href":"https:\/\/arroyitoonline.com.ar\/index.php?rest_route=%2Fwp%2Fv2%2Fmedia&parent=5999"}],"wp:term":[{"taxonomy":"category","embeddable":true,"href":"https:\/\/arroyitoonline.com.ar\/index.php?rest_route=%2Fwp%2Fv2%2Fcategories&post=5999"},{"taxonomy":"post_tag","embeddable":true,"href":"https:\/\/arroyitoonline.com.ar\/index.php?rest_route=%2Fwp%2Fv2%2Ftags&post=5999"}],"curies":[{"name":"wp","href":"https:\/\/api.w.org\/{rel}","templated":true}]}}