{"id":6014,"date":"2019-10-02T19:19:38","date_gmt":"2019-10-02T19:19:38","guid":{"rendered":"https:\/\/arroyitoonline.com.ar\/?p=6014"},"modified":"2019-10-02T19:19:40","modified_gmt":"2019-10-02T19:19:40","slug":"se-viene-la-xxiii-feria-del-libro-ines-davila-de-olocco","status":"publish","type":"post","link":"https:\/\/arroyitoonline.com.ar\/?p=6014","title":{"rendered":"Se viene la XXIII Feria del libro In\u00e9s D\u00e1vila de Olocco"},"content":{"rendered":"\n<p><strong>La Plaza 25 de Mayo ser\u00e1, una vez m\u00e1s, sede del gran evento literario, este a\u00f1o bajo el lema<\/strong> <em><strong>\u201cUn libro te lleva a un largo viaje de experiencias Inolvidables\u201d<\/strong><\/em><strong>. <\/strong><\/p>\n\n\n\n<p>En los pr\u00f3ximos d\u00edas, la Plaza 25 de Mayo ser\u00e1 sede de la XXIII Feria del Libro In\u00e9s D\u00e1vila de\u00a0Olocco, la cual se desarrollar\u00e1 desde el jueves 3 hasta el domingo 6 de octubre. <\/p>\n\n\n\n<p>Como todos los a\u00f1os, el evento ya comenz\u00f3 con el concurso para <em>&#8220;Crear el lema que preside nuestra feria&#8221;<\/em>, haciendo part\u00edcipes a todos los estamentos educativos de la ciudad, en este caso, a\u00a0los alumnos de 4\u00b0 grado del nivel primario. De esta manera, y mediante un jurado de lujo integrado por las profesoras Susana Saya, Susana Sarmiento y Ver\u00f3nica Dellavale, se complet\u00f3 la dif\u00edcil tarea de elegir el eslogan de la presente edici\u00f3n. <\/p>\n\n\n\n<p>Desde la Biblioteca Municipal Popular Almafuerte destacaron y felicitaron el trabajo de cada uno de los ni\u00f1os que participaron, <em>&#8220;por su capacidad para crear y volcar en un papel tan lindos mensajes&#8221;<\/em>. <\/p>\n\n\n\n<p>Este a\u00f1o presidir\u00e1 la feria el&nbsp;lema <em>\u201cUn libro te lleva a un largo viaje de experiencias Inolvidables\u201d<\/em> y su autor es de la escuela Jos\u00e9 Mar\u00eda Paz.<\/p>\n\n\n\n<p>Desde la dependencia, tambi\u00e9n pusieron en conocimiento la programaci\u00f3n de la Feria, con un abanico de autores disertantes y actividades para todas las edades y para compartir en familia.<br><\/p>\n\n\n\n<figure class=\"wp-block-image\"><img loading=\"lazy\" decoding=\"async\" width=\"919\" height=\"1024\" src=\"https:\/\/arroyitoonline.com.ar\/wp-content\/uploads\/2019\/10\/feria-del-libro-1-1-919x1024.jpg\" alt=\"\" class=\"wp-image-6031\" srcset=\"https:\/\/arroyitoonline.com.ar\/wp-content\/uploads\/2019\/10\/feria-del-libro-1-1-919x1024.jpg 919w, https:\/\/arroyitoonline.com.ar\/wp-content\/uploads\/2019\/10\/feria-del-libro-1-1-269x300.jpg 269w, https:\/\/arroyitoonline.com.ar\/wp-content\/uploads\/2019\/10\/feria-del-libro-1-1-768x856.jpg 768w, https:\/\/arroyitoonline.com.ar\/wp-content\/uploads\/2019\/10\/feria-del-libro-1-1.jpg 1149w\" sizes=\"auto, (max-width: 919px) 100vw, 919px\" \/><figcaption><em>La invitaci\u00f3n a la feria<\/em><\/figcaption><\/figure>\n\n\n\n<p><strong>Jueves 3 de octubre:<\/strong><br><\/p>\n\n\n\n<p>De 8:00 a 10:30\u00a0horas | Dramatizaci\u00f3n del cuento \u201cEl d\u00eda que las abuelas Perdieron la memoria\u201d, de Oscar Salas, a cargo de alumnos del Ipetaym N\u00b0 68 \u201cGUARDIANES DE LA\u00a0BIBLIOTECA\u201d<\/p>\n\n\n\n<p>De 10:30 a 11:30\u00a0horas\u00a0| Presentaci\u00f3n de la obra de t\u00edteres \u201cLA CALLE MISTERIOSA\u201d, a cargo de ENRIQUE DI MAURO<\/p>\n\n\n\n<p>De 14:30 a 15:00\u00a0horas | ARROYITO CUENTA \u201cSesi\u00f3n de cuentos\u201d<\/p>\n\n\n\n<p>De 15:00 a 16:45\u00a0horas | Taller de teatro adolescente de la Casa de la Cultura, con la obra \u201cEl Cambio\u201d<\/p>\n\n\n\n<p>De 17:00 a 18:00 horas | Presentaci\u00f3n del Proyecto de escritura \u201cMI PALABRA VALE\u201d, Bolet\u00edn Educativo Velezano a cargo de la profesora de Lengua Laura Berardo y alumnos de 6\u00b0 a\u00f1o de la Esc.\u00a0Dr. Dalmacio V\u00e9lez Sarsfield<\/p>\n\n\n\n<p>De 18:00 a 19:00 horas | Presentaci\u00f3n del Libro \u201cLOCURA DE AMOR\u201d de ANTONIO MATEO ALLENDE. (V&amp;R Editoras)<br><\/p>\n\n\n\n<p>De 19:00 a 20:00 horas | Charla Para docentes \u201cEL T\u00cdTERE COMO HERRAMIENTA EN EL AULA\u201d dictada por ENRIQUE DI MAURO<br><\/p>\n\n\n\n<p>De 20:00 a 21:00 horas | Presentaci\u00f3n del Libro \u201cAVES EN FAMILIA\u201d de GUILLERMO GALLIANO (Ra\u00edz de Dos)<br><\/p>\n\n\n\n<figure class=\"wp-block-image\"><img loading=\"lazy\" decoding=\"async\" width=\"894\" height=\"1024\" src=\"https:\/\/arroyitoonline.com.ar\/wp-content\/uploads\/2019\/10\/feria-del-libro-2-894x1024.jpg\" alt=\"\" class=\"wp-image-6027\" srcset=\"https:\/\/arroyitoonline.com.ar\/wp-content\/uploads\/2019\/10\/feria-del-libro-2-894x1024.jpg 894w, https:\/\/arroyitoonline.com.ar\/wp-content\/uploads\/2019\/10\/feria-del-libro-2-262x300.jpg 262w, https:\/\/arroyitoonline.com.ar\/wp-content\/uploads\/2019\/10\/feria-del-libro-2-768x880.jpg 768w, https:\/\/arroyitoonline.com.ar\/wp-content\/uploads\/2019\/10\/feria-del-libro-2.jpg 1117w\" sizes=\"auto, (max-width: 894px) 100vw, 894px\" \/><figcaption><em>La programaci\u00f3n del jueves<\/em><\/figcaption><\/figure>\n\n\n\n<p><strong>Viernes 4 de octubre:<\/strong><\/p>\n\n\n\n<p>8:00 a 9:30\u00a0horas \u2502 Taller de teatro adolescente de la Casa de la Cultura, con la obra: \u201cEl Cambio\u201d<\/p>\n\n\n\n<p>9:30 a 11:00\u00a0horas \u2502 ARROYITO CUENTA Sesi\u00f3n de cuentos<br><\/p>\n\n\n\n<p>14:00 a 14:45\u00a0horas \u2502 Hora del Cuento<\/p>\n\n\n\n<p>14:45 a 15:45\u00a0horas \u2502 Juegos \/ Hora de Cuento<\/p>\n\n\n\n<p>15:45 a 16:45\u00a0horas \u2502 Hora de Cuento<\/p>\n\n\n\n<p>17:00 a 18:00\u00a0horas \u2502 NICOL\u00c1S BRACCIAFORTE presenta \u201cCEFERINO LOS PARCHES Y EL FUEGO NEGRO\u201d (p\u00fablico juvenil)\u00a0(El Emporio Libros).<\/p>\n\n\n\n<p><strong>19:30\u00a0horas \u2502 ACTO INAUGURA<\/strong><br><\/p>\n\n\n\n<p>20:00\u00a0horas \u2502 Presentaci\u00f3n del libro \u201cLA PATRIA DE ENRIQUETA\u201d, de la\u00a0 escritora GRACIELA RAMOS (Suma de Letras)<\/p>\n\n\n\n<figure class=\"wp-block-image\"><img loading=\"lazy\" decoding=\"async\" width=\"894\" height=\"1024\" src=\"https:\/\/arroyitoonline.com.ar\/wp-content\/uploads\/2019\/10\/feria-del-libro-3-894x1024.jpg\" alt=\"\" class=\"wp-image-6028\" srcset=\"https:\/\/arroyitoonline.com.ar\/wp-content\/uploads\/2019\/10\/feria-del-libro-3-894x1024.jpg 894w, https:\/\/arroyitoonline.com.ar\/wp-content\/uploads\/2019\/10\/feria-del-libro-3-262x300.jpg 262w, https:\/\/arroyitoonline.com.ar\/wp-content\/uploads\/2019\/10\/feria-del-libro-3-768x880.jpg 768w, https:\/\/arroyitoonline.com.ar\/wp-content\/uploads\/2019\/10\/feria-del-libro-3.jpg 1117w\" sizes=\"auto, (max-width: 894px) 100vw, 894px\" \/><figcaption><em>La programaci\u00f3n del viernes<\/em><\/figcaption><\/figure>\n\n\n\n<p><strong>S\u00e1bado 5 de octubre:<\/strong><\/p>\n\n\n\n<p>10:00 a 13:00 horas \u2502 Recorrido de Feria<\/p>\n\n\n\n<p>16:00 horas \u2502 Apertura de Feria\u00a0<br><\/p>\n\n\n\n<p>18:00 a 19:00 horas \u2502 \u201cUN LIBRO LLEVA A OTRO LIBRO\u201d Taller dictado por EDITORIAL COMUNICARTE<\/p>\n\n\n\n<p>18:45 a 19:00\u00a0horas \u2502Actuaci\u00f3n del Coro Italiano \u201cDolce Citt\u00e0\u201d\u00a0<\/p>\n\n\n\n<p>19:00 a 20:00\u00a0horas \u2502 FLORENCIA VERCELLONE presenta su libro \u201cLA COCINA ES PURO CUENTO\u201d de comida Italiana (Babilonia)<\/p>\n\n\n\n<p>20:00 a 21:00\u00a0horas \u2502 \u201cEncuentro Literario con las escritoras BETTY FONT- BRIANNA CALLUM-LILIANA ALEM\u201c (El Emporio Libros)<\/p>\n\n\n\n<figure class=\"wp-block-image\"><img loading=\"lazy\" decoding=\"async\" width=\"894\" height=\"1024\" src=\"https:\/\/arroyitoonline.com.ar\/wp-content\/uploads\/2019\/10\/feria-del-libro-4-894x1024.jpg\" alt=\"\" class=\"wp-image-6029\" srcset=\"https:\/\/arroyitoonline.com.ar\/wp-content\/uploads\/2019\/10\/feria-del-libro-4-894x1024.jpg 894w, https:\/\/arroyitoonline.com.ar\/wp-content\/uploads\/2019\/10\/feria-del-libro-4-262x300.jpg 262w, https:\/\/arroyitoonline.com.ar\/wp-content\/uploads\/2019\/10\/feria-del-libro-4-768x880.jpg 768w, https:\/\/arroyitoonline.com.ar\/wp-content\/uploads\/2019\/10\/feria-del-libro-4.jpg 1117w\" sizes=\"auto, (max-width: 894px) 100vw, 894px\" \/><figcaption><em>La invitaci\u00f3n para el s\u00e1bado<\/em><\/figcaption><\/figure>\n\n\n\n<p><strong>Domingo 6 de octubre:&nbsp;<\/strong><\/p>\n\n\n\n<p>16:00 horas \u2502 Apertura de Feria\u00a0<\/p>\n\n\n\n<p>18:00 a 19:00 horas \u2502 DANTE ENRIQUEZ el cocinero del Show de la Ma\u00f1ana presenta su nuevo libro \u201cEL SHOW DEL S\u00c1NDWICH\u201d (Ra\u00edz de Dos)<\/p>\n\n\n\n<p>19:00 a 20:00\u00a0horas \u2502 Disertaci\u00f3n de GUILLERMO GRIMOLDI (Ra\u00edz de Dos)<\/p>\n\n\n\n<p>20:00 a 21:00\u00a0horas \u2502 Cierre de Feria con ANA MOGLIA y ROBERTO LAPID.\u00a0 (El Emporio Libros)<\/p>\n\n\n\n<p>*Exposici\u00f3n de cuadros de la artista pl\u00e1stica Mar\u00eda Laura Lescano.<br><\/p>\n\n\n\n<figure class=\"wp-block-image\"><img loading=\"lazy\" decoding=\"async\" width=\"894\" height=\"1024\" src=\"https:\/\/arroyitoonline.com.ar\/wp-content\/uploads\/2019\/10\/feria-del-libro5-894x1024.jpg\" alt=\"\" class=\"wp-image-6030\" srcset=\"https:\/\/arroyitoonline.com.ar\/wp-content\/uploads\/2019\/10\/feria-del-libro5-894x1024.jpg 894w, https:\/\/arroyitoonline.com.ar\/wp-content\/uploads\/2019\/10\/feria-del-libro5-262x300.jpg 262w, https:\/\/arroyitoonline.com.ar\/wp-content\/uploads\/2019\/10\/feria-del-libro5-768x880.jpg 768w, https:\/\/arroyitoonline.com.ar\/wp-content\/uploads\/2019\/10\/feria-del-libro5.jpg 1117w\" sizes=\"auto, (max-width: 894px) 100vw, 894px\" \/><figcaption><em>La invitaci\u00f3n para el domingo<\/em><\/figcaption><\/figure>\n\n\n\n<p>La entrada a todas las actividades es libre y gratuita.<\/p>\n","protected":false},"excerpt":{"rendered":"<p>La Plaza 25 de Mayo ser\u00e1, una vez m\u00e1s, sede del gran evento literario, este a\u00f1o bajo el lema \u201cUn&hellip;<\/p>\n","protected":false},"author":3,"featured_media":6025,"comment_status":"closed","ping_status":"open","sticky":false,"template":"","format":"standard","meta":{"footnotes":""},"categories":[2],"tags":[66,67,836,886,864,364,492,499,555,556,572],"class_list":["post-6014","post","type-post","status-publish","format-standard","has-post-thumbnail","hentry","category-cultura-y-espectaculos","tag-arroyito","tag-arroyito-cordoba","tag-arroyito-online","tag-biblioteca-municipal-popular-almafuerte","tag-cultura-y-espectaculos-online","tag-feria-del-libro","tag-libros","tag-literatura","tag-municipalidad","tag-municipalidad-de-arroyito","tag-noticias-de-arroyito-y-zona"],"_links":{"self":[{"href":"https:\/\/arroyitoonline.com.ar\/index.php?rest_route=\/wp\/v2\/posts\/6014","targetHints":{"allow":["GET"]}}],"collection":[{"href":"https:\/\/arroyitoonline.com.ar\/index.php?rest_route=\/wp\/v2\/posts"}],"about":[{"href":"https:\/\/arroyitoonline.com.ar\/index.php?rest_route=\/wp\/v2\/types\/post"}],"author":[{"embeddable":true,"href":"https:\/\/arroyitoonline.com.ar\/index.php?rest_route=\/wp\/v2\/users\/3"}],"replies":[{"embeddable":true,"href":"https:\/\/arroyitoonline.com.ar\/index.php?rest_route=%2Fwp%2Fv2%2Fcomments&post=6014"}],"version-history":[{"count":2,"href":"https:\/\/arroyitoonline.com.ar\/index.php?rest_route=\/wp\/v2\/posts\/6014\/revisions"}],"predecessor-version":[{"id":6032,"href":"https:\/\/arroyitoonline.com.ar\/index.php?rest_route=\/wp\/v2\/posts\/6014\/revisions\/6032"}],"wp:featuredmedia":[{"embeddable":true,"href":"https:\/\/arroyitoonline.com.ar\/index.php?rest_route=\/wp\/v2\/media\/6025"}],"wp:attachment":[{"href":"https:\/\/arroyitoonline.com.ar\/index.php?rest_route=%2Fwp%2Fv2%2Fmedia&parent=6014"}],"wp:term":[{"taxonomy":"category","embeddable":true,"href":"https:\/\/arroyitoonline.com.ar\/index.php?rest_route=%2Fwp%2Fv2%2Fcategories&post=6014"},{"taxonomy":"post_tag","embeddable":true,"href":"https:\/\/arroyitoonline.com.ar\/index.php?rest_route=%2Fwp%2Fv2%2Ftags&post=6014"}],"curies":[{"name":"wp","href":"https:\/\/api.w.org\/{rel}","templated":true}]}}