{"id":6016,"date":"2019-10-02T00:00:17","date_gmt":"2019-10-02T00:00:17","guid":{"rendered":"https:\/\/arroyitoonline.com.ar\/?p=6016"},"modified":"2019-10-02T03:40:37","modified_gmt":"2019-10-02T03:40:37","slug":"emanuel-acosta-comunico-que-no-apoya-la-alianza-del-peronismo-con-benedetti","status":"publish","type":"post","link":"https:\/\/arroyitoonline.com.ar\/?p=6016","title":{"rendered":"Emanuel Acosta comunic\u00f3 que no apoya la alianza del Peronismo con Benedetti"},"content":{"rendered":"\n<p><strong>En un comunicado enviado a los medios, el exprecandidato argument\u00f3 que\u00a0<em>&#8220;<\/em><\/strong><em><strong>La pol\u00edtica es una herramienta que nos da a los ciudadanos la oportunidad de mejorar la calidad de vida de las personas; no el `oportunismo\u00b4para simplemente ganar una elecci\u00f3n&#8221;<\/strong><\/em><strong>.<\/strong><\/p>\n\n\n\n<p>En las primeras horas de hoy recibimos un comunicado emitido por el abogado y exprecandidato a intendente peronista, Emanuel Acosta, por medio del cual hizo p\u00fablica su postura en contra de la alianza que Hacemos por C\u00f3rdoba oficializ\u00f3 con el concejal Gustavo Benedetti.<\/p>\n\n\n\n<p><em>&#8220;Vengo por la presente a manifestar mi posici\u00f3n y la de la mayor\u00eda de quienes me acompa\u00f1an como equipo, de NO APOYAR dicha estrategia electoral&#8221;<\/em>, expres\u00f3 el letrado en el inicio del texto. <\/p>\n\n\n\n<p>A trav\u00e9s de este escrito, que tiene como membrete el logotipo del Partido Justicialista, el menor de los Acosta es el primer exprecandidato del Peronismo que formaliza su descontento con este acuerdo electoral, que llevar\u00e1 al actual edil radical a las elecciones generales del 10 de noviembre. <\/p>\n\n\n\n<div class=\"wp-block-image\"><figure class=\"aligncenter\"><img loading=\"lazy\" decoding=\"async\" width=\"482\" height=\"630\" src=\"https:\/\/arroyitoonline.com.ar\/wp-content\/uploads\/2019\/10\/comunicado-emanuel-acosta.jpg\" alt=\"\" class=\"wp-image-6017\" srcset=\"https:\/\/arroyitoonline.com.ar\/wp-content\/uploads\/2019\/10\/comunicado-emanuel-acosta.jpg 482w, https:\/\/arroyitoonline.com.ar\/wp-content\/uploads\/2019\/10\/comunicado-emanuel-acosta-230x300.jpg 230w\" sizes=\"auto, (max-width: 482px) 100vw, 482px\" \/><\/figure><\/div>\n\n\n\n<p>Adem\u00e1s, el referente joven agreg\u00f3 que <em>&#8220;No existe partido, ni dirigente, ni estrategia pol\u00edtica alguna que est\u00e9n por encima de las convicciones que siempre nos han movilizado a participar: el recambio generacional, la coherencia y la transparencia&#8221;<\/em>.<\/p>\n\n\n\n<p>Tambi\u00e9n se dirigi\u00f3 a los compa\u00f1eros del Movimiento Justicialista, a los que les dijo: <em>&#8220;que despu\u00e9s de 36 a\u00f1os no tengamos candidatos propios no es ninguna deshonra; deshonra es renunciar a los principios que nos impulsan a participar en la construcci\u00f3n de una sociedad m\u00e1s justa y con oportunidades para todos&#8221;<\/em>.<\/p>\n","protected":false},"excerpt":{"rendered":"<p>En un comunicado enviado a los medios, el exprecandidato argument\u00f3 que\u00a0&#8220;La pol\u00edtica es una herramienta que nos da a los&hellip;<\/p>\n","protected":false},"author":3,"featured_media":6018,"comment_status":"closed","ping_status":"open","sticky":false,"template":"","format":"standard","meta":{"footnotes":""},"categories":[8],"tags":[13,955,66,67,836,115,318,968,957,572,602,640],"class_list":["post-6016","post","type-post","status-publish","format-standard","has-post-thumbnail","hentry","category-politica","tag-13","tag-acosta","tag-arroyito","tag-arroyito-cordoba","tag-arroyito-online","tag-benedetti","tag-elecciones","tag-gustavo-benedetti","tag-hacemos-por-cordoba","tag-noticias-de-arroyito-y-zona","tag-partido-justicialista","tag-politica"],"_links":{"self":[{"href":"https:\/\/arroyitoonline.com.ar\/index.php?rest_route=\/wp\/v2\/posts\/6016","targetHints":{"allow":["GET"]}}],"collection":[{"href":"https:\/\/arroyitoonline.com.ar\/index.php?rest_route=\/wp\/v2\/posts"}],"about":[{"href":"https:\/\/arroyitoonline.com.ar\/index.php?rest_route=\/wp\/v2\/types\/post"}],"author":[{"embeddable":true,"href":"https:\/\/arroyitoonline.com.ar\/index.php?rest_route=\/wp\/v2\/users\/3"}],"replies":[{"embeddable":true,"href":"https:\/\/arroyitoonline.com.ar\/index.php?rest_route=%2Fwp%2Fv2%2Fcomments&post=6016"}],"version-history":[{"count":4,"href":"https:\/\/arroyitoonline.com.ar\/index.php?rest_route=\/wp\/v2\/posts\/6016\/revisions"}],"predecessor-version":[{"id":6023,"href":"https:\/\/arroyitoonline.com.ar\/index.php?rest_route=\/wp\/v2\/posts\/6016\/revisions\/6023"}],"wp:featuredmedia":[{"embeddable":true,"href":"https:\/\/arroyitoonline.com.ar\/index.php?rest_route=\/wp\/v2\/media\/6018"}],"wp:attachment":[{"href":"https:\/\/arroyitoonline.com.ar\/index.php?rest_route=%2Fwp%2Fv2%2Fmedia&parent=6016"}],"wp:term":[{"taxonomy":"category","embeddable":true,"href":"https:\/\/arroyitoonline.com.ar\/index.php?rest_route=%2Fwp%2Fv2%2Fcategories&post=6016"},{"taxonomy":"post_tag","embeddable":true,"href":"https:\/\/arroyitoonline.com.ar\/index.php?rest_route=%2Fwp%2Fv2%2Ftags&post=6016"}],"curies":[{"name":"wp","href":"https:\/\/api.w.org\/{rel}","templated":true}]}}