{"id":6033,"date":"2019-10-03T21:33:27","date_gmt":"2019-10-03T21:33:27","guid":{"rendered":"https:\/\/arroyitoonline.com.ar\/?p=6033"},"modified":"2019-10-03T21:34:35","modified_gmt":"2019-10-03T21:34:35","slug":"denuncian-que-tres-docentes-de-la-guarderia-municipal-agreden-a-ninos","status":"publish","type":"post","link":"https:\/\/arroyitoonline.com.ar\/?p=6033","title":{"rendered":"Denuncian que tres docentes de la Guarder\u00eda Municipal agreden a ni\u00f1os"},"content":{"rendered":"\n<p><strong>Cuatro madres de chicos que asisten a la Sala de 2 a\u00f1os del CANF Virgen Ni\u00f1a pidieron las c\u00e1maras de Canal 3 para hacer p\u00fablica la denuncia. Desde asesor\u00eda Letrada del Municipio se abri\u00f3 una investigaci\u00f3n.<\/strong><\/p>\n\n\n\n<p>Esta ma\u00f1ana, cuatro madres de alumnos del Centro de Apoyo al Ni\u00f1o y la Familia Virgen Ni\u00f1a solicitaron las c\u00e1maras de Canal 3 para hacer p\u00fablico que <em>&#8220;hay tres se\u00f1oritas en la sala de 2 que maltratan a los chicos&#8221;<\/em>, asever\u00f3 Camila Deheza, y agreg\u00f3 que a su hija en particular<em> &#8220;le pegaban cachetadas, la empujaban y la psicologeaban con cosas de su pap\u00e1 personales y nadie hace nada, quieren tapar lo que hicieron&#8221;<\/em>.<\/p>\n\n\n\n<p>Ante la consulta de la colega J\u00e9sica Jayo, sobre cu\u00e1ndo se enteraron de la situaci\u00f3n, Karen Deheza respondi\u00f3 que <em>&#8220;hace tres d\u00edas, mi hija se levanta de la siesta, me dice que la se\u00f1orita le pega, me muestra d\u00f3nde le pega. Me comuniqu\u00e9 con otras mam\u00e1s que d\u00edas atr\u00e1s hab\u00edan manifestado que sus hijos no quer\u00edan venir a la guarder\u00eda y decidimos armar un grupo de WhatsApp, decidimos venir al otro d\u00eda y nos recibi\u00f3 la directora, nos puso a las tres se\u00f1oritas al frente, las cuales niegan a muerte que los ni\u00f1os han sido golpeados, pero hasta el d\u00eda de hoy aparecen m\u00e1s videos, m\u00e1s audios, ellos lloran. Hay ni\u00f1os que cuentan que los obligaban a dormir y, cuando no se dorm\u00edan, le pagaban chirlos para que se durmieran&#8221;<\/em>.<\/p>\n\n\n\n<p>Adem\u00e1s expres\u00f3 que, desde el establecimiento, les pidieron disculpas <em>&#8220;pero nosotros con las disculpas no hacemos nada, nuestros hijos fueron golpeados y nosotros lo que queremos es justicia, ya hicimos la denuncia y queremos que estas maestras se saquen de la guarder\u00eda, que no sigan ejerciendo, porque hay dos que no son maestras, que son auxiliares, hay una sola titular y esto no puede ser. Si tienen que renovar a todas las empleadas de la guarder\u00eda que lo hagan, pero que las saquen porque ellas no est\u00e1n aptas para cuidar a nuestros ni\u00f1os&#8221;<\/em>. <\/p>\n\n\n\n<p>Otra madre, Clarita Medina, coment\u00f3 que una docente ya fue separada y, a medida que pasaban las horas, mam\u00e1s comentaban respecto a las otras dos maestras: <em>&#8220;As\u00ed que ahora lo que m\u00e1s estamos pidiendo, hasta que se aclare la situaci\u00f3n, sean separadas del aula, porque lamentablemente muchas mam\u00e1s trabajamos y no nos queda otra m\u00e1s que mandar a nuestros ni\u00f1os a la guarder\u00eda municipal, porque para pagar una privada no se puede, pero no tenemos la confianza ni la seguridad de dejar a nuestros ni\u00f1os de dos a\u00f1itos, ac\u00e1 en el establecimiento&#8221;<\/em>.<\/p>\n\n\n\n<p>Sobre el final, Anabella Garnero dijo que <em>&#8220;hasta ahora son 15 casos. Los pellizcaban, los empujaban, los met\u00edan abajo del agua, le daban nalgadas y hay un caso que no lo voy a contar, y no las separan. Ellas nos dicen `No al maltrato, no a los golpes, no a los gritos\u00b4. Nosotros confi\u00e1bamos y mir\u00e1 c\u00f3mo terminamos, con los chicos golpeados&#8221;<\/em>.  <\/p>\n\n\n\n<figure class=\"wp-block-embed-youtube wp-block-embed is-type-video is-provider-youtube wp-embed-aspect-16-9 wp-has-aspect-ratio\"><div class=\"wp-block-embed__wrapper\">\n<div class=\"epyt-video-wrapper\"><iframe loading=\"lazy\"  style=\"display: block; margin: 0px auto;\"  id=\"_ytid_32507\"  width=\"1140\" height=\"641\"  data-origwidth=\"1140\" data-origheight=\"641\" src=\"https:\/\/www.youtube.com\/embed\/ZSrbv5klpjg?enablejsapi=1&#038;autoplay=0&#038;cc_load_policy=1&#038;cc_lang_pref=&#038;iv_load_policy=3&#038;loop=0&#038;rel=1&#038;fs=1&#038;playsinline=0&#038;autohide=2&#038;theme=dark&#038;color=red&#038;controls=1&#038;disablekb=0&#038;\" class=\"__youtube_prefs__  epyt-is-override  no-lazyload\" title=\"YouTube player\"  allow=\"fullscreen; accelerometer; autoplay; clipboard-write; encrypted-media; gyroscope; picture-in-picture; web-share\" referrerpolicy=\"strict-origin-when-cross-origin\" allowfullscreen data-no-lazy=\"1\" data-skipgform_ajax_framebjll=\"\"><\/iframe><\/div>\n<\/div><figcaption><em>La nota realizada por Canal 3 de Arroyito<\/em><\/figcaption><\/figure>\n\n\n\n<p><strong>La respuesta del CANF<\/strong><\/p>\n\n\n\n<p>Si bien la m\u00e1xima autoridad del Centro de Apoyo al Ni\u00f1o y la Familia Virgen Ni\u00f1a no se manifest\u00f3 al respecto de manera p\u00fablica, <strong>Arroyito Online<\/strong> pudo saber que ya se est\u00e1n tomando cartas en el asunto. <\/p>\n\n\n\n<p>A la separaci\u00f3n de la docente que, en principio, hab\u00eda sido se\u00f1alada por los padres como autora de las agresiones, se suma un pedido de colocaci\u00f3n de c\u00e1maras de seguridad en aulas y espacios comunes, solicitud que ser\u00eda atendida en las pr\u00f3ximas horas.<\/p>\n\n\n\n<p>En las \u00faltimas horas, el Municipio abri\u00f3 un sumario administrativo, el cual acarrea una investigaci\u00f3n exhaustiva de los hechos denunciados.<\/p>\n\n\n\n<p>Foto: captura de video Canal 3.<\/p>\n","protected":false},"excerpt":{"rendered":"<p>Cuatro madres de chicos que asisten a la Sala de 2 a\u00f1os del CANF Virgen Ni\u00f1a pidieron las c\u00e1maras de&hellip;<\/p>\n","protected":false},"author":3,"featured_media":6035,"comment_status":"closed","ping_status":"open","sticky":false,"template":"","format":"standard","meta":{"footnotes":""},"categories":[824],"tags":[37,66,67,836,170,299,570,572,635,637,638,825],"class_list":["post-6033","post","type-post","status-publish","format-standard","has-post-thumbnail","hentry","category-policiales-online","tag-agresion","tag-arroyito","tag-arroyito-cordoba","tag-arroyito-online","tag-centro-de-apoyo-al-nino-y-la-familia","tag-docentes","tag-ninez","tag-noticias-de-arroyito-y-zona","tag-policia","tag-policiales","tag-policiales-arroyito","tag-policiales-online"],"_links":{"self":[{"href":"https:\/\/arroyitoonline.com.ar\/index.php?rest_route=\/wp\/v2\/posts\/6033","targetHints":{"allow":["GET"]}}],"collection":[{"href":"https:\/\/arroyitoonline.com.ar\/index.php?rest_route=\/wp\/v2\/posts"}],"about":[{"href":"https:\/\/arroyitoonline.com.ar\/index.php?rest_route=\/wp\/v2\/types\/post"}],"author":[{"embeddable":true,"href":"https:\/\/arroyitoonline.com.ar\/index.php?rest_route=\/wp\/v2\/users\/3"}],"replies":[{"embeddable":true,"href":"https:\/\/arroyitoonline.com.ar\/index.php?rest_route=%2Fwp%2Fv2%2Fcomments&post=6033"}],"version-history":[{"count":4,"href":"https:\/\/arroyitoonline.com.ar\/index.php?rest_route=\/wp\/v2\/posts\/6033\/revisions"}],"predecessor-version":[{"id":6039,"href":"https:\/\/arroyitoonline.com.ar\/index.php?rest_route=\/wp\/v2\/posts\/6033\/revisions\/6039"}],"wp:featuredmedia":[{"embeddable":true,"href":"https:\/\/arroyitoonline.com.ar\/index.php?rest_route=\/wp\/v2\/media\/6035"}],"wp:attachment":[{"href":"https:\/\/arroyitoonline.com.ar\/index.php?rest_route=%2Fwp%2Fv2%2Fmedia&parent=6033"}],"wp:term":[{"taxonomy":"category","embeddable":true,"href":"https:\/\/arroyitoonline.com.ar\/index.php?rest_route=%2Fwp%2Fv2%2Fcategories&post=6033"},{"taxonomy":"post_tag","embeddable":true,"href":"https:\/\/arroyitoonline.com.ar\/index.php?rest_route=%2Fwp%2Fv2%2Ftags&post=6033"}],"curies":[{"name":"wp","href":"https:\/\/api.w.org\/{rel}","templated":true}]}}