{"id":6040,"date":"2019-10-03T22:08:28","date_gmt":"2019-10-03T22:08:28","guid":{"rendered":"https:\/\/arroyitoonline.com.ar\/?p=6040"},"modified":"2019-10-03T22:08:35","modified_gmt":"2019-10-03T22:08:35","slug":"se-realizo-el-encuentro-nacional-competitivo-y-no-competitivo-arroyito-folclorico","status":"publish","type":"post","link":"https:\/\/arroyitoonline.com.ar\/?p=6040","title":{"rendered":"Se realiz\u00f3 el Encuentro Nacional Competitivo y no Competitivo Arroyito Folcl\u00f3rico"},"content":{"rendered":"\n<p><strong>La apertura estuvo a cargo del Ballet y Escuela Municipal, con una coreograf\u00eda que incluy\u00f3 m\u00e1s de 220 bailarines en escena.<\/strong><\/p>\n\n\n\n<p>El s\u00e1bado 28 de septiembre se concret\u00f3\u00a0el Encuentro Nacional Competitivo y no Competitivo Arroyito Folcl\u00f3rico, el Festival m\u00e1s Dulce del Pa\u00eds.<\/p>\n\n\n\n<p>Participaron del certamen 18 academias de las siguientes localidades: Pozo de Vargas de La Rioja, Quebracho Herrado, Tr\u00e1nsito, San Francisco, Devoto, Ju\u00e1rez Celman, Villa Santa Rosa, La Tordilla, Capilla del Carmen, Villa Nueva, Colonia Tirolesa, Las Varillas, Carlos Paz y C\u00f3rdoba Capital y San Luis; sumadas a las locales Mart\u00edn Miguel de G\u00fcemes, Centro Vecinal Vecinal\u00a0 Xanaes y Danzart.<\/p>\n\n\n\n<p>En el acto inaugural estuvieron el intendente Mauricio Cravero, la viceintendente Graciela Tristany, el secretario de Obras P\u00fablicas Daniel Lafarina, la coordinadora de la Oficina de Empleo Viviana Vercelli y la directora de Cultura Viviana Sam Sam.<\/p>\n\n\n\n<p>La apertura fue a trav\u00e9s de una coreograf\u00eda deslumbrante, que incluy\u00f3 m\u00e1s 220 bailarines de la Escuela y Ballet Municipal que dirige Viviana Pedernera, quienes dieron la bienvenida oficial a todas las delegaciones.<\/p>\n\n\n\n<p>Por su parte, el Taller de Folklore del Centro Vecinal Xanaes obtuvo los siguientes logros:<\/p>\n\n\n\n<p>4\u00b0\u00a0Puesto Conjunto Tradicional Semillitas.<\/p>\n\n\n\n<p>2\u00b0\u00a0Puesto Conjunto Tradicional menor.<\/p>\n\n\n\n<p>2\u00b0\u00a0Puesto Conjunto Malambo (Britos, Ch\u00e1vez, Ch\u00e1vez, Scalise).<\/p>\n\n\n\n<p>1\u00b0 Puesto Conjunto Estilizado menor \u201cViva el Carnaval\u201d.<\/p>\n\n\n\n<p>Finalistas paisanita y gauchito Valentina Peralta y Lisandro Ch\u00e1vez<\/p>\n\n\n\n<p>Mejor Delegaci\u00f3n\u00a0categor\u00eda Semillitas.<\/p>\n\n\n\n<p>4\u00b0\u00a0Puesto Conjunto Femenino mayor \u201cNo soy cielo ni azul\u201d.<\/p>\n\n\n\n<p>3\u00b0\u00a0Puesto Conjunto de Malambo mayor (Brochero, Lescano, Morales, Villalobo).<\/p>\n\n\n\n<p>4\u00b0 Puesto, Conjunto Estilizado adultos Santiago Querido.<\/p>\n\n\n\n<p>Mejor Delegaci\u00f3n del Festival y Acreedores de la Copa Challenger.\u00a0<\/p>\n\n\n\n<p>A\u00a0todos, desde el Ejecutivo Municipal, se los felicita: a los organizadores y participantes, <em>&#8220;por hacer y acrecentar la cultura de nuestra ciudad&#8221;<\/em>.<\/p>\n\n\n\n<p>Fuente: Prensa Municipal.<\/p>\n","protected":false},"excerpt":{"rendered":"<p>La apertura estuvo a cargo del Ballet y Escuela Municipal, con una coreograf\u00eda que incluy\u00f3 m\u00e1s de 220 bailarines en&hellip;<\/p>\n","protected":false},"author":3,"featured_media":6041,"comment_status":"closed","ping_status":"open","sticky":false,"template":"","format":"standard","meta":{"footnotes":""},"categories":[2],"tags":[66,67,836,93,259,864,267,382,572],"class_list":["post-6040","post","type-post","status-publish","format-standard","has-post-thumbnail","hentry","category-cultura-y-espectaculos","tag-arroyito","tag-arroyito-cordoba","tag-arroyito-online","tag-ballet-municipal","tag-cultura","tag-cultura-y-espectaculos-online","tag-danza","tag-folclore","tag-noticias-de-arroyito-y-zona"],"_links":{"self":[{"href":"https:\/\/arroyitoonline.com.ar\/index.php?rest_route=\/wp\/v2\/posts\/6040","targetHints":{"allow":["GET"]}}],"collection":[{"href":"https:\/\/arroyitoonline.com.ar\/index.php?rest_route=\/wp\/v2\/posts"}],"about":[{"href":"https:\/\/arroyitoonline.com.ar\/index.php?rest_route=\/wp\/v2\/types\/post"}],"author":[{"embeddable":true,"href":"https:\/\/arroyitoonline.com.ar\/index.php?rest_route=\/wp\/v2\/users\/3"}],"replies":[{"embeddable":true,"href":"https:\/\/arroyitoonline.com.ar\/index.php?rest_route=%2Fwp%2Fv2%2Fcomments&post=6040"}],"version-history":[{"count":1,"href":"https:\/\/arroyitoonline.com.ar\/index.php?rest_route=\/wp\/v2\/posts\/6040\/revisions"}],"predecessor-version":[{"id":6042,"href":"https:\/\/arroyitoonline.com.ar\/index.php?rest_route=\/wp\/v2\/posts\/6040\/revisions\/6042"}],"wp:featuredmedia":[{"embeddable":true,"href":"https:\/\/arroyitoonline.com.ar\/index.php?rest_route=\/wp\/v2\/media\/6041"}],"wp:attachment":[{"href":"https:\/\/arroyitoonline.com.ar\/index.php?rest_route=%2Fwp%2Fv2%2Fmedia&parent=6040"}],"wp:term":[{"taxonomy":"category","embeddable":true,"href":"https:\/\/arroyitoonline.com.ar\/index.php?rest_route=%2Fwp%2Fv2%2Fcategories&post=6040"},{"taxonomy":"post_tag","embeddable":true,"href":"https:\/\/arroyitoonline.com.ar\/index.php?rest_route=%2Fwp%2Fv2%2Ftags&post=6040"}],"curies":[{"name":"wp","href":"https:\/\/api.w.org\/{rel}","templated":true}]}}