{"id":6064,"date":"2019-10-07T18:51:14","date_gmt":"2019-10-07T18:51:14","guid":{"rendered":"https:\/\/arroyitoonline.com.ar\/?p=6064"},"modified":"2019-10-07T18:51:16","modified_gmt":"2019-10-07T18:51:16","slug":"info-exclusiva-el-loco-amato-estara-en-la-fiesta-dulce","status":"publish","type":"post","link":"https:\/\/arroyitoonline.com.ar\/?p=6064","title":{"rendered":"Info exclusiva: el Loco Amato estar\u00e1 en la Fiesta Dulce"},"content":{"rendered":"\n<p><strong>Adem\u00e1s, vuelve Destino San Javier. As\u00ed lo confirm\u00f3 el intendente Cravero, en primicia, a Arroyito Online.<\/strong><\/p>\n\n\n\n<p>El s\u00e1bado pasado, en el marco de la cobertura del Mutuo Festival, el intendente Mauricio Cravero confirm\u00f3 a Arroyito Online en vivo, a modo de primicia, dos de los artistas que estar\u00e1n en la sexta edici\u00f3n de la Fiesta Provincial de Arroyito, la Dulce Ciudad del Pa\u00eds, y las fechas del gran evento: del 22 al 24 de noviembre. <\/p>\n\n\n\n<p>Luego de una exitosa presentaci\u00f3n en nuestra ciudad el a\u00f1o pasado, y ante el pedido del p\u00fablico de que vuelva, regresa Destino San Javier, consecuencia del Tr\u00edo San Javier, con su repertorio de folclore moderno y boleros rom\u00e1nticos, que mantiene vivo el legado de Pedro Favini y Pepe Ragone, padres de los integrantes.<\/p>\n\n\n\n<p>Adem\u00e1s, Cravero inform\u00f3 que tambi\u00e9n vendr\u00e1 Cristian Abel Amato. Su \u00faltima presentaci\u00f3n en Arroyito hab\u00eda sido el viernes 8 de junio de 2018, en el Sal\u00f3n Bomberos.<\/p>\n\n\n\n<p>Desde aquel momento, la expectativa por su retorno ven\u00eda acrecent\u00e1ndose, ya que es uno de los cuarteteros m\u00e1s seguidos a nivel local. Pero, la espera de los fans terminar\u00e1 el viernes 22 de noviembre (justo en 2019, a\u00f1o en el que &#8220;el 22&#8221; festej\u00f3 sus 22 a\u00f1os de carrera). El Loco ser\u00e1 el gran protagonista en la noche inaugural de la Fiesta m\u00e1s Dulce del pa\u00eds. <\/p>\n","protected":false},"excerpt":{"rendered":"<p>Adem\u00e1s, vuelve Destino San Javier. As\u00ed lo confirm\u00f3 el intendente Cravero, en primicia, a Arroyito Online. El s\u00e1bado pasado, en&hellip;<\/p>\n","protected":false},"author":3,"featured_media":6066,"comment_status":"closed","ping_status":"open","sticky":false,"template":"","format":"standard","meta":{"footnotes":""},"categories":[826],"tags":[66,67,836,351,862,372,373,572],"class_list":["post-6064","post","type-post","status-publish","format-standard","has-post-thumbnail","hentry","category-espectaculos-online","tag-arroyito","tag-arroyito-cordoba","tag-arroyito-online","tag-espectaculos","tag-espectaculos-online","tag-fiesta","tag-fiesta-de-la-dulce-ciudad","tag-noticias-de-arroyito-y-zona"],"_links":{"self":[{"href":"https:\/\/arroyitoonline.com.ar\/index.php?rest_route=\/wp\/v2\/posts\/6064","targetHints":{"allow":["GET"]}}],"collection":[{"href":"https:\/\/arroyitoonline.com.ar\/index.php?rest_route=\/wp\/v2\/posts"}],"about":[{"href":"https:\/\/arroyitoonline.com.ar\/index.php?rest_route=\/wp\/v2\/types\/post"}],"author":[{"embeddable":true,"href":"https:\/\/arroyitoonline.com.ar\/index.php?rest_route=\/wp\/v2\/users\/3"}],"replies":[{"embeddable":true,"href":"https:\/\/arroyitoonline.com.ar\/index.php?rest_route=%2Fwp%2Fv2%2Fcomments&post=6064"}],"version-history":[{"count":2,"href":"https:\/\/arroyitoonline.com.ar\/index.php?rest_route=\/wp\/v2\/posts\/6064\/revisions"}],"predecessor-version":[{"id":6070,"href":"https:\/\/arroyitoonline.com.ar\/index.php?rest_route=\/wp\/v2\/posts\/6064\/revisions\/6070"}],"wp:featuredmedia":[{"embeddable":true,"href":"https:\/\/arroyitoonline.com.ar\/index.php?rest_route=\/wp\/v2\/media\/6066"}],"wp:attachment":[{"href":"https:\/\/arroyitoonline.com.ar\/index.php?rest_route=%2Fwp%2Fv2%2Fmedia&parent=6064"}],"wp:term":[{"taxonomy":"category","embeddable":true,"href":"https:\/\/arroyitoonline.com.ar\/index.php?rest_route=%2Fwp%2Fv2%2Fcategories&post=6064"},{"taxonomy":"post_tag","embeddable":true,"href":"https:\/\/arroyitoonline.com.ar\/index.php?rest_route=%2Fwp%2Fv2%2Ftags&post=6064"}],"curies":[{"name":"wp","href":"https:\/\/api.w.org\/{rel}","templated":true}]}}