{"id":6074,"date":"2019-10-08T12:55:40","date_gmt":"2019-10-08T12:55:40","guid":{"rendered":"https:\/\/arroyitoonline.com.ar\/?p=6074"},"modified":"2019-10-08T12:59:15","modified_gmt":"2019-10-08T12:59:15","slug":"la-semana-velezana-2019-pone-play","status":"publish","type":"post","link":"https:\/\/arroyitoonline.com.ar\/?p=6074","title":{"rendered":"La Semana Velezana 2019 pone play"},"content":{"rendered":"\n<p><strong>La muestra de todo el trabajo realizado por alumnos y docentes se abrir\u00e1 a la comunidad el viernes a la noche. El mismo d\u00eda, a la ma\u00f1ana, inaugurar\u00e1n la radio escolar.<\/strong><\/p>\n\n\n\n<p>Se pone en marcha una nueva edici\u00f3n de la\u00a0Semana Mayor\u00a0de la\u00a0Escuela Dr. Dalmacio V\u00e9lez Sarsfield, que comenzar\u00e1 este\u00a0mi\u00e9rcoles 9, con las visitas de los sextos grados de las escuelas primarias de Arroyito.<\/p>\n\n\n\n<figure class=\"wp-block-image\"><img loading=\"lazy\" decoding=\"async\" width=\"1024\" height=\"1024\" src=\"https:\/\/arroyitoonline.com.ar\/wp-content\/uploads\/2019\/10\/semana-velezana-2019-1024x1024.jpg\" alt=\"\" class=\"wp-image-6077\" srcset=\"https:\/\/arroyitoonline.com.ar\/wp-content\/uploads\/2019\/10\/semana-velezana-2019-1024x1024.jpg 1024w, https:\/\/arroyitoonline.com.ar\/wp-content\/uploads\/2019\/10\/semana-velezana-2019-150x150.jpg 150w, https:\/\/arroyitoonline.com.ar\/wp-content\/uploads\/2019\/10\/semana-velezana-2019-300x300.jpg 300w, https:\/\/arroyitoonline.com.ar\/wp-content\/uploads\/2019\/10\/semana-velezana-2019-768x768.jpg 768w, https:\/\/arroyitoonline.com.ar\/wp-content\/uploads\/2019\/10\/semana-velezana-2019.jpg 2048w\" sizes=\"auto, (max-width: 1024px) 100vw, 1024px\" \/><figcaption><em>La invitaci\u00f3n a la Semana Mayor de la V\u00e9lez<\/em><\/figcaption><\/figure>\n\n\n\n<p>La Semana Velezana es una\u00a0instancia de aprendizaje\u00a0donde el establecimiento educativo muestra a la comunidad de Arroyito todo el trabajo que sus alumnos y docentes han realizado, desde los distintos proyectos y espacios curriculares. A continuaci\u00f3n, el cronograma de actividades:<\/p>\n\n\n\n<ul class=\"wp-block-list\"><li><strong>Mi\u00e9rcoles 09\/10 |<\/strong> Visita de los sextos grados de las Escuelas: V\u00e9lez S\u00e1rsfield \u2013 Claudio C\u00e9sar Ju\u00e1rez \u2013 Mar\u00eda Teresa Navarro \u2013 Jos\u00e9 G. Lagos y Acercar [Turno ma\u00f1ana: de 8:00 a 11:30 y tarde: de 14:00 a 17:15].<\/li><li><strong>Jueves 10\/10<\/strong>\u00a0| Visita de los sextos grados de las Escuelas: Manuel Belgrano \u2013 Jos\u00e9 Mar\u00eda Paz | Nivel Inicial Escuela V\u00e9lez S\u00e1rsfield [Turno ma\u00f1ana: de 9:00 a 11:30 y tarde: de 14:00 a 17:15].<\/li><li><strong>Viernes 11\/10<\/strong>\u00a0| Por la ma\u00f1ana, recorrido de los terceros a\u00f1os de la V\u00e9lez | A las 10.00 horas, inauguraci\u00f3n\u00a0de la Radio Escolar, con el acompa\u00f1amiento de Guillermo Hemmerling | Por la noche, a partir de las<strong>\u00a021:00 horas<\/strong>, la muestra se abre a las familias de los alumnos y al p\u00fablico en general.\u00a0<\/li><\/ul>\n\n\n\n<p><strong>Actividades previstas:\u00a0<\/strong>exposiciones \u2013 degustaciones \u2013 difusi\u00f3n cient\u00edfica \u2013 difusi\u00f3n literaria \u2013 concientizaci\u00f3n ambiental \u2013 difusi\u00f3n art\u00edstica, entre otras.<\/p>\n","protected":false},"excerpt":{"rendered":"<p>La muestra de todo el trabajo realizado por alumnos y docentes se abrir\u00e1 a la comunidad el viernes a la&hellip;<\/p>\n","protected":false},"author":3,"featured_media":1162,"comment_status":"closed","ping_status":"open","sticky":false,"template":"","format":"standard","meta":{"footnotes":""},"categories":[830],"tags":[66,67,836,310,888,348,572,1039],"class_list":["post-6074","post","type-post","status-publish","format-standard","has-post-thumbnail","hentry","category-educacion-online","tag-arroyito","tag-arroyito-cordoba","tag-arroyito-online","tag-educacion","tag-escuela-dr-dalmacio-velez-sarsfield","tag-escuelas","tag-noticias-de-arroyito-y-zona","tag-semana-velezana"],"_links":{"self":[{"href":"https:\/\/arroyitoonline.com.ar\/index.php?rest_route=\/wp\/v2\/posts\/6074","targetHints":{"allow":["GET"]}}],"collection":[{"href":"https:\/\/arroyitoonline.com.ar\/index.php?rest_route=\/wp\/v2\/posts"}],"about":[{"href":"https:\/\/arroyitoonline.com.ar\/index.php?rest_route=\/wp\/v2\/types\/post"}],"author":[{"embeddable":true,"href":"https:\/\/arroyitoonline.com.ar\/index.php?rest_route=\/wp\/v2\/users\/3"}],"replies":[{"embeddable":true,"href":"https:\/\/arroyitoonline.com.ar\/index.php?rest_route=%2Fwp%2Fv2%2Fcomments&post=6074"}],"version-history":[{"count":2,"href":"https:\/\/arroyitoonline.com.ar\/index.php?rest_route=\/wp\/v2\/posts\/6074\/revisions"}],"predecessor-version":[{"id":6078,"href":"https:\/\/arroyitoonline.com.ar\/index.php?rest_route=\/wp\/v2\/posts\/6074\/revisions\/6078"}],"wp:featuredmedia":[{"embeddable":true,"href":"https:\/\/arroyitoonline.com.ar\/index.php?rest_route=\/wp\/v2\/media\/1162"}],"wp:attachment":[{"href":"https:\/\/arroyitoonline.com.ar\/index.php?rest_route=%2Fwp%2Fv2%2Fmedia&parent=6074"}],"wp:term":[{"taxonomy":"category","embeddable":true,"href":"https:\/\/arroyitoonline.com.ar\/index.php?rest_route=%2Fwp%2Fv2%2Fcategories&post=6074"},{"taxonomy":"post_tag","embeddable":true,"href":"https:\/\/arroyitoonline.com.ar\/index.php?rest_route=%2Fwp%2Fv2%2Ftags&post=6074"}],"curies":[{"name":"wp","href":"https:\/\/api.w.org\/{rel}","templated":true}]}}