{"id":6079,"date":"2019-10-09T13:49:18","date_gmt":"2019-10-09T13:49:18","guid":{"rendered":"https:\/\/arroyitoonline.com.ar\/?p=6079"},"modified":"2019-10-09T13:49:20","modified_gmt":"2019-10-09T13:49:20","slug":"se-viene-la-feria-de-artesanias-y-la-eleccion-de-la-reina-de-arroyito","status":"publish","type":"post","link":"https:\/\/arroyitoonline.com.ar\/?p=6079","title":{"rendered":"Se viene la Feria de Artesan\u00edas y la elecci\u00f3n de la Reina de Arroyito"},"content":{"rendered":"\n<p><strong>Ser\u00e1 la vig\u00e9simo cuarta edici\u00f3n de este evento con car\u00e1cter nacional, que contempla la participaci\u00f3n de 150 artesanos y la selecci\u00f3n de la soberana local.<\/strong><\/p>\n\n\n\n<p>Los d\u00edas viernes 11, s\u00e1bado 12 y domingo 13 de octubre se desarrollar\u00e1 la XXIV Feria\u00a0Nacional de Artesan\u00edas en la Plaza 25 de Mayo.<\/p>\n\n\n\n<p>Este a\u00f1o, el evento contar\u00e1 con m\u00e1s de 150 artesanos de\nnuestra ciudad y de diferentes lugares de la provincia y el pa\u00eds.<\/p>\n\n\n\n<figure class=\"wp-block-image\"><img loading=\"lazy\" decoding=\"async\" width=\"1003\" height=\"1024\" src=\"https:\/\/arroyitoonline.com.ar\/wp-content\/uploads\/2019\/10\/feria-de-artesan\u00edas-2019-1003x1024.jpg\" alt=\"\" class=\"wp-image-6080\" srcset=\"https:\/\/arroyitoonline.com.ar\/wp-content\/uploads\/2019\/10\/feria-de-artesan\u00edas-2019-1003x1024.jpg 1003w, https:\/\/arroyitoonline.com.ar\/wp-content\/uploads\/2019\/10\/feria-de-artesan\u00edas-2019-294x300.jpg 294w, https:\/\/arroyitoonline.com.ar\/wp-content\/uploads\/2019\/10\/feria-de-artesan\u00edas-2019-768x784.jpg 768w, https:\/\/arroyitoonline.com.ar\/wp-content\/uploads\/2019\/10\/feria-de-artesan\u00edas-2019.jpg 1254w\" sizes=\"auto, (max-width: 1003px) 100vw, 1003px\" \/><\/figure>\n\n\n\n<p>Adem\u00e1s habr\u00e1 m\u00fasica, baile y la elecci\u00f3n de la soberana local,\nla cual representar\u00e1 a Arroyito y competir\u00e1 para convertirse, por primera vez,\nen Reina Nacional de la Arroyito, la Dulce Ciudad del Pa\u00eds. <\/p>\n\n\n\n<p>Desde la organizaci\u00f3n aclararon que las postulantes a reina\ntienen como fecha l\u00edmite&nbsp; para la entrega de planillas de inscripci\u00f3n, el\nmi\u00e9rcoles 9 de octubre y el jueves 10, a las 20:00 horas, habr\u00e1 una reuni\u00f3n en\nla Casa de la Cultura con todas las aspirantes y sus delegados.<\/p>\n\n\n\n<p>Asimismo invitan a todas aquellas j\u00f3venes que deseen participar de este certamen que retiren las planillas en oficina de atenci\u00f3n de la Casa de la Cultura.<\/p>\n\n\n\n<p>Fuente: Prensa Municipal.  <\/p>\n","protected":false},"excerpt":{"rendered":"<p>Ser\u00e1 la vig\u00e9simo cuarta edici\u00f3n de este evento con car\u00e1cter nacional, que contempla la participaci\u00f3n de 150 artesanos y la&hellip;<\/p>\n","protected":false},"author":3,"featured_media":6081,"comment_status":"closed","ping_status":"open","sticky":false,"template":"","format":"standard","meta":{"footnotes":""},"categories":[2],"tags":[66,67,836,72,158,864,362,1030,372,1040,572,679],"class_list":["post-6079","post","type-post","status-publish","format-standard","has-post-thumbnail","hentry","category-cultura-y-espectaculos","tag-arroyito","tag-arroyito-cordoba","tag-arroyito-online","tag-artesanias","tag-casa-de-la-cultura","tag-cultura-y-espectaculos-online","tag-feria-de-artesanos","tag-feria-nacional-de-artesanias","tag-fiesta","tag-fiesta-nacional-de-la-dulce-ciudad-del-pais","tag-noticias-de-arroyito-y-zona","tag-reina"],"_links":{"self":[{"href":"https:\/\/arroyitoonline.com.ar\/index.php?rest_route=\/wp\/v2\/posts\/6079","targetHints":{"allow":["GET"]}}],"collection":[{"href":"https:\/\/arroyitoonline.com.ar\/index.php?rest_route=\/wp\/v2\/posts"}],"about":[{"href":"https:\/\/arroyitoonline.com.ar\/index.php?rest_route=\/wp\/v2\/types\/post"}],"author":[{"embeddable":true,"href":"https:\/\/arroyitoonline.com.ar\/index.php?rest_route=\/wp\/v2\/users\/3"}],"replies":[{"embeddable":true,"href":"https:\/\/arroyitoonline.com.ar\/index.php?rest_route=%2Fwp%2Fv2%2Fcomments&post=6079"}],"version-history":[{"count":1,"href":"https:\/\/arroyitoonline.com.ar\/index.php?rest_route=\/wp\/v2\/posts\/6079\/revisions"}],"predecessor-version":[{"id":6082,"href":"https:\/\/arroyitoonline.com.ar\/index.php?rest_route=\/wp\/v2\/posts\/6079\/revisions\/6082"}],"wp:featuredmedia":[{"embeddable":true,"href":"https:\/\/arroyitoonline.com.ar\/index.php?rest_route=\/wp\/v2\/media\/6081"}],"wp:attachment":[{"href":"https:\/\/arroyitoonline.com.ar\/index.php?rest_route=%2Fwp%2Fv2%2Fmedia&parent=6079"}],"wp:term":[{"taxonomy":"category","embeddable":true,"href":"https:\/\/arroyitoonline.com.ar\/index.php?rest_route=%2Fwp%2Fv2%2Fcategories&post=6079"},{"taxonomy":"post_tag","embeddable":true,"href":"https:\/\/arroyitoonline.com.ar\/index.php?rest_route=%2Fwp%2Fv2%2Ftags&post=6079"}],"curies":[{"name":"wp","href":"https:\/\/api.w.org\/{rel}","templated":true}]}}