{"id":6107,"date":"2019-10-11T15:58:43","date_gmt":"2019-10-11T15:58:43","guid":{"rendered":"https:\/\/arroyitoonline.com.ar\/?p=6107"},"modified":"2019-10-11T15:58:50","modified_gmt":"2019-10-11T15:58:50","slug":"causa-guarderia-municipal-no-hubo-abuso-sexual","status":"publish","type":"post","link":"https:\/\/arroyitoonline.com.ar\/?p=6107","title":{"rendered":"Causa guarder\u00eda municipal: no hubo abuso sexual"},"content":{"rendered":"\n<p><strong>As\u00ed lo asever\u00f3 el comisario Inspector Pablo Berardo, en conferencia de prensa. Tambi\u00e9n aclar\u00f3 que la causa tiene 50 fojas y se investigan las pruebas aportadas. <\/strong><\/p>\n\n\n\n<p>En las \u00faltimas horas hubo novedades sobre las presuntas agresiones por parte de docentes a ni\u00f1os que asisten al Centro de Apoyo al Ni\u00f1o y la Familia Virgen Ni\u00f1a. <\/p>\n\n\n\n<p>La primera denuncia fue radicada el 3 de octubre, por una mujer de 33 a\u00f1os que tiene un hijo de tres, el cual asiste a una de las salas del CANF compuesta por 29 chicos y, desde ese momento, la Fiscal\u00eda y la Polic\u00eda efectuaron todas las diligencias y trabajan al respecto. La informaci\u00f3n fue proporcionada por el comisario Inspector Pablo Berardo ayer, en conferencia de prensa.<\/p>\n\n\n\n<p>Son 10 las acusaciones, donde las madres manifestaron que advirtieron alg\u00fan tipo de lesi\u00f3n f\u00edsica en sus hijos, varias recientes y otras que habr\u00edan ocurrido en junio de este a\u00f1o. La causa lleva 50 fojas y todas las denuncias y personas que se presentaron en sede policial fueron atendidas. <\/p>\n\n\n\n<p><em>&#8220;Queremos descartar el tema del abuso. Estamos en condiciones de confirmar que una menor de tres a\u00f1os fue llevada a C\u00f3rdoba a la secci\u00f3n Medicina Legal donde se le practicaron las correspondientes revisaciones y se constat\u00f3 fehacientemente que no ten\u00eda signos de abuso sexual, como se coment\u00f3 en algunos medios&#8221;<\/em>, remarc\u00f3 el jefe policial.<\/p>\n\n\n\n<figure><iframe loading=\"lazy\" src=\"https:\/\/www.facebook.com\/plugins\/video.php?href=https%3A%2F%2Fwww.facebook.com%2Farroyitoonlineoficial%2Fvideos%2F2426818097594037%2F&amp;show_text=0&amp;width=560\" width=\"560\" height=\"315\" allowfullscreen=\"true\"><\/iframe><\/figure>\n\n\n\n<p><em>&#8220;El resto de las pruebas que algunos padres aportaron a la causa est\u00e1n siendo analizadas por la Fiscal\u00eda y, en cierta forma, queremos llevarle un poco de tranquilidad al resto de los padres que tiene a sus hijos en la instituci\u00f3n, que alberga a 90 ni\u00f1os. Creo que informando es la manera de que todos estemos al tanto de c\u00f3mo avanza esta situaci\u00f3n delicada, para que la sociedad pueda saber c\u00f3mo accion\u00f3 la Justicia y c\u00f3mo lo hizo la Polic\u00eda&#8221;<\/em>, se\u00f1al\u00f3 Berardo.<\/p>\n\n\n\n<p>Adem\u00e1s avis\u00f3 que fueron imputadas, por el delito de lesiones leves, dos mujeres (madres de alumnos) que, cuando tomaron conocimiento de estos supuestos maltratos, agredieron a docentes dentro de la guarder\u00eda.<\/p>\n\n\n\n<p>Por su parte son tres las maestras que est\u00e1n mencionadas en las distintas denuncias. <em>&#8220;En ning\u00fan momento, en el marco de la instrucci\u00f3n de la causa, nadie manifest\u00f3 abuso, s\u00ed consider\u00f3 oportuno la fiscal, a pedido de la madre, trasladarla a C\u00f3rdoba y hacerla revisar, pero no hay denuncia por abuso sexual&#8221;<\/em>, aclar\u00f3 el comisario Inspector. <\/p>\n\n\n\n<p>Por \u00faltimo explic\u00f3 que el Municipio siempre ha estado a disposici\u00f3n y no ha puesto ning\u00fan tipo de reparo para que se realicen las diligencias correspondientes. <\/p>\n\n\n\n<p><strong>Colocaci\u00f3n de c\u00e1maras de seguridad<\/strong><\/p>\n\n\n\n<p>Esta ma\u00f1ana, un informe de prensa municipal comunic\u00f3 que se colocan 11 c\u00e1maras de seguridad en los diferentes ambientes del Centro de Apoyo al Ni\u00f1o y la Familia Virgen Ni\u00f1a, para monitorear todo lo que all\u00ed suceda. <\/p>\n","protected":false},"excerpt":{"rendered":"<p>As\u00ed lo asever\u00f3 el comisario Inspector Pablo Berardo, en conferencia de prensa. Tambi\u00e9n aclar\u00f3 que la causa tiene 50 fojas&hellip;<\/p>\n","protected":false},"author":3,"featured_media":6108,"comment_status":"closed","ping_status":"open","sticky":false,"template":"","format":"standard","meta":{"footnotes":""},"categories":[824],"tags":[37,66,67,836,170,273,409,572,637,638,825],"class_list":["post-6107","post","type-post","status-publish","format-standard","has-post-thumbnail","hentry","category-policiales-online","tag-agresion","tag-arroyito","tag-arroyito-cordoba","tag-arroyito-online","tag-centro-de-apoyo-al-nino-y-la-familia","tag-denuncia","tag-guarderia-virgen-nina","tag-noticias-de-arroyito-y-zona","tag-policiales","tag-policiales-arroyito","tag-policiales-online"],"_links":{"self":[{"href":"https:\/\/arroyitoonline.com.ar\/index.php?rest_route=\/wp\/v2\/posts\/6107","targetHints":{"allow":["GET"]}}],"collection":[{"href":"https:\/\/arroyitoonline.com.ar\/index.php?rest_route=\/wp\/v2\/posts"}],"about":[{"href":"https:\/\/arroyitoonline.com.ar\/index.php?rest_route=\/wp\/v2\/types\/post"}],"author":[{"embeddable":true,"href":"https:\/\/arroyitoonline.com.ar\/index.php?rest_route=\/wp\/v2\/users\/3"}],"replies":[{"embeddable":true,"href":"https:\/\/arroyitoonline.com.ar\/index.php?rest_route=%2Fwp%2Fv2%2Fcomments&post=6107"}],"version-history":[{"count":5,"href":"https:\/\/arroyitoonline.com.ar\/index.php?rest_route=\/wp\/v2\/posts\/6107\/revisions"}],"predecessor-version":[{"id":6113,"href":"https:\/\/arroyitoonline.com.ar\/index.php?rest_route=\/wp\/v2\/posts\/6107\/revisions\/6113"}],"wp:featuredmedia":[{"embeddable":true,"href":"https:\/\/arroyitoonline.com.ar\/index.php?rest_route=\/wp\/v2\/media\/6108"}],"wp:attachment":[{"href":"https:\/\/arroyitoonline.com.ar\/index.php?rest_route=%2Fwp%2Fv2%2Fmedia&parent=6107"}],"wp:term":[{"taxonomy":"category","embeddable":true,"href":"https:\/\/arroyitoonline.com.ar\/index.php?rest_route=%2Fwp%2Fv2%2Fcategories&post=6107"},{"taxonomy":"post_tag","embeddable":true,"href":"https:\/\/arroyitoonline.com.ar\/index.php?rest_route=%2Fwp%2Fv2%2Ftags&post=6107"}],"curies":[{"name":"wp","href":"https:\/\/api.w.org\/{rel}","templated":true}]}}