{"id":6156,"date":"2019-10-14T20:49:27","date_gmt":"2019-10-14T20:49:27","guid":{"rendered":"https:\/\/arroyitoonline.com.ar\/?p=6156"},"modified":"2019-10-14T20:49:33","modified_gmt":"2019-10-14T20:49:33","slug":"vandalizaron-carteles-de-benedetti","status":"publish","type":"post","link":"https:\/\/arroyitoonline.com.ar\/?p=6156","title":{"rendered":"Vandalizaron carteles de Benedetti"},"content":{"rendered":"\n<p><strong>Las lonas de cuatro de las pancartas situadas en diversos sectores de la ciudad aparecieron desgarradas. <\/strong><\/p>\n\n\n\n<p>Una vez m\u00e1s, el vandalismo es protagonista de una campa\u00f1a pol\u00edtica. Esta vez le toc\u00f3 sufrirlo a Todos Juntos Hacemos Por Arroyito, que encontr\u00f3 desgarradas, las lonas de cuatro de sus carteles callejeros. <\/p>\n\n\n\n<p>La alianza encabezada por Gustavo Benedetti manten\u00eda su carteler\u00eda con la imagen del candidato, desde antes de confirmarse detalles de su postulaci\u00f3n.<\/p>\n\n\n\n<p>Las pancartas que aparecieron destruidas fueron las ubicadas sobre ruta 19 en intersecci\u00f3n con Caseros, en Av. M. Moreno esquina Roque S\u00e1enz Pe\u00f1a, en el ingreso oeste a la ciudad y cerca de la esquina de V\u00e9lez Sarsfield y Av. M. Bernardi.<\/p>\n\n\n\n<p>Desde el espacio liderado por el exintendente repudiaron lo sucedido y solicitaron que si alguien vio a los autores de los hechos vand\u00e1licos se comunique con alguno de los referentes del frente electoral. <\/p>\n","protected":false},"excerpt":{"rendered":"<p>Las lonas de cuatro de las pancartas situadas en diversos sectores de la ciudad aparecieron desgarradas. Una vez m\u00e1s, el&hellip;<\/p>\n","protected":false},"author":3,"featured_media":6157,"comment_status":"closed","ping_status":"open","sticky":false,"template":"","format":"standard","meta":{"footnotes":""},"categories":[8],"tags":[13,66,67,836,115,318,968,572,640,916],"class_list":["post-6156","post","type-post","status-publish","format-standard","has-post-thumbnail","hentry","category-politica","tag-13","tag-arroyito","tag-arroyito-cordoba","tag-arroyito-online","tag-benedetti","tag-elecciones","tag-gustavo-benedetti","tag-noticias-de-arroyito-y-zona","tag-politica","tag-vandalismo"],"_links":{"self":[{"href":"https:\/\/arroyitoonline.com.ar\/index.php?rest_route=\/wp\/v2\/posts\/6156","targetHints":{"allow":["GET"]}}],"collection":[{"href":"https:\/\/arroyitoonline.com.ar\/index.php?rest_route=\/wp\/v2\/posts"}],"about":[{"href":"https:\/\/arroyitoonline.com.ar\/index.php?rest_route=\/wp\/v2\/types\/post"}],"author":[{"embeddable":true,"href":"https:\/\/arroyitoonline.com.ar\/index.php?rest_route=\/wp\/v2\/users\/3"}],"replies":[{"embeddable":true,"href":"https:\/\/arroyitoonline.com.ar\/index.php?rest_route=%2Fwp%2Fv2%2Fcomments&post=6156"}],"version-history":[{"count":1,"href":"https:\/\/arroyitoonline.com.ar\/index.php?rest_route=\/wp\/v2\/posts\/6156\/revisions"}],"predecessor-version":[{"id":6158,"href":"https:\/\/arroyitoonline.com.ar\/index.php?rest_route=\/wp\/v2\/posts\/6156\/revisions\/6158"}],"wp:featuredmedia":[{"embeddable":true,"href":"https:\/\/arroyitoonline.com.ar\/index.php?rest_route=\/wp\/v2\/media\/6157"}],"wp:attachment":[{"href":"https:\/\/arroyitoonline.com.ar\/index.php?rest_route=%2Fwp%2Fv2%2Fmedia&parent=6156"}],"wp:term":[{"taxonomy":"category","embeddable":true,"href":"https:\/\/arroyitoonline.com.ar\/index.php?rest_route=%2Fwp%2Fv2%2Fcategories&post=6156"},{"taxonomy":"post_tag","embeddable":true,"href":"https:\/\/arroyitoonline.com.ar\/index.php?rest_route=%2Fwp%2Fv2%2Ftags&post=6156"}],"curies":[{"name":"wp","href":"https:\/\/api.w.org\/{rel}","templated":true}]}}