{"id":6162,"date":"2019-10-08T21:59:10","date_gmt":"2019-10-08T21:59:10","guid":{"rendered":"https:\/\/arroyitoonline.com.ar\/?p=6162"},"modified":"2019-10-14T21:59:58","modified_gmt":"2019-10-14T21:59:58","slug":"las-soberanas-locales-participaron-de-la-fiesta-nacional-del-tractor","status":"publish","type":"post","link":"https:\/\/arroyitoonline.com.ar\/?p=6162","title":{"rendered":"Las soberanas locales participaron de la Fiesta Nacional del Tractor"},"content":{"rendered":"\n<p><strong>Las reinas local y provincial 2018, Virginia Paviotti y Teresita Paz, visitaron la localidad de L\u00f3pez, Santa Fe. <\/strong><\/p>\n\n\n\n<p>El pasado s\u00e1bado 5 de octubre, la Reina de Arroyito 2018, Virginia Paviotti, y la Reina Provincial de la Dulce Ciudad del Pa\u00eds 2018, Teresita Paz, participaron de la Fiesta Nacional del Tractor, que se celebra en la localidad de L\u00f3pez, provincia de Santa Fe.<\/p>\n\n\n\n<p>En esa ciudad se encuentra la mayor colecci\u00f3n de tractores antiguos de diversas marcas en funcionamiento, desde el a\u00f1o 1921 en adelante. Por lo tanto se trata de una serie \u00fanica en el pa\u00eds.<\/p>\n\n\n\n<p>La Fiesta del Tractor es un evento muy convocante. Miles de personas de diferentes pueblos y ciudades arribaron a L\u00f3pez para el disfrute de los desfiles, actividades y espect\u00e1culos.<\/p>\n\n\n\n<p><em>&#8220;Ante un importante marco de p\u00fablico, y en compa\u00f1\u00eda de diferentes Reinas convocadas a nivel Provincial y Nacional, nuestras soberanas tuvieron el agrado de compartir y representarnos de manera excelente&#8221;<\/em>, dijeron desde el Municipio, y agradecieron la cordial atenci\u00f3n para con ellas y a nuestro delegado.<\/p>\n\n\n\n<p>Fuente: Prensa Municipal. <\/p>\n","protected":false},"excerpt":{"rendered":"<p>Las reinas local y provincial 2018, Virginia Paviotti y Teresita Paz, visitaron la localidad de L\u00f3pez, Santa Fe. El pasado&hellip;<\/p>\n","protected":false},"author":3,"featured_media":6163,"comment_status":"closed","ping_status":"open","sticky":false,"template":"","format":"standard","meta":{"footnotes":""},"categories":[826],"tags":[66,67,836,351,862,376,555,556,572,679],"class_list":["post-6162","post","type-post","status-publish","format-standard","has-post-thumbnail","hentry","category-espectaculos-online","tag-arroyito","tag-arroyito-cordoba","tag-arroyito-online","tag-espectaculos","tag-espectaculos-online","tag-fiestas","tag-municipalidad","tag-municipalidad-de-arroyito","tag-noticias-de-arroyito-y-zona","tag-reina"],"_links":{"self":[{"href":"https:\/\/arroyitoonline.com.ar\/index.php?rest_route=\/wp\/v2\/posts\/6162","targetHints":{"allow":["GET"]}}],"collection":[{"href":"https:\/\/arroyitoonline.com.ar\/index.php?rest_route=\/wp\/v2\/posts"}],"about":[{"href":"https:\/\/arroyitoonline.com.ar\/index.php?rest_route=\/wp\/v2\/types\/post"}],"author":[{"embeddable":true,"href":"https:\/\/arroyitoonline.com.ar\/index.php?rest_route=\/wp\/v2\/users\/3"}],"replies":[{"embeddable":true,"href":"https:\/\/arroyitoonline.com.ar\/index.php?rest_route=%2Fwp%2Fv2%2Fcomments&post=6162"}],"version-history":[{"count":2,"href":"https:\/\/arroyitoonline.com.ar\/index.php?rest_route=\/wp\/v2\/posts\/6162\/revisions"}],"predecessor-version":[{"id":6165,"href":"https:\/\/arroyitoonline.com.ar\/index.php?rest_route=\/wp\/v2\/posts\/6162\/revisions\/6165"}],"wp:featuredmedia":[{"embeddable":true,"href":"https:\/\/arroyitoonline.com.ar\/index.php?rest_route=\/wp\/v2\/media\/6163"}],"wp:attachment":[{"href":"https:\/\/arroyitoonline.com.ar\/index.php?rest_route=%2Fwp%2Fv2%2Fmedia&parent=6162"}],"wp:term":[{"taxonomy":"category","embeddable":true,"href":"https:\/\/arroyitoonline.com.ar\/index.php?rest_route=%2Fwp%2Fv2%2Fcategories&post=6162"},{"taxonomy":"post_tag","embeddable":true,"href":"https:\/\/arroyitoonline.com.ar\/index.php?rest_route=%2Fwp%2Fv2%2Ftags&post=6162"}],"curies":[{"name":"wp","href":"https:\/\/api.w.org\/{rel}","templated":true}]}}