{"id":6166,"date":"2019-10-11T22:04:01","date_gmt":"2019-10-11T22:04:01","guid":{"rendered":"https:\/\/arroyitoonline.com.ar\/?p=6166"},"modified":"2019-10-14T22:22:28","modified_gmt":"2019-10-14T22:22:28","slug":"alumnos-de-una-escuela-santafesina-visitaron-la-municipalidad","status":"publish","type":"post","link":"https:\/\/arroyitoonline.com.ar\/?p=6166","title":{"rendered":"Alumnos de una escuela santafesina visitaron la Municipalidad"},"content":{"rendered":"\n<p><strong>Tambi\u00e9n se reunieron con el intendente, estudiantes locales que cursan segundo a\u00f1o en el Instituto Nuestra Se\u00f1ora de la Merced. <\/strong><\/p>\n\n\n\n<p>El jueves por la ma\u00f1ana, el intendente Mauricio Cravero y la viceintendente Graciela Tristany recibi\u00f3, en la Sala de Deliberaciones del edificio municipal, a docentes y alumnos de\u00a0cuarto y quinto a\u00f1o de la escuela secundaria E.S.O. N\u00b0 700 de Nuevo Torino y Bella Italia, provincia de\u00a0Santa Fe.<\/p>\n\n\n\n<p>Los visitantes intercambiaron preguntas e inquietudes sobre el funcionamiento del Municipio local, con el primer mandatario.\u00a0<\/p>\n\n\n\n<p>Adem\u00e1s, los estudiantes junto a las docentes hicieron un recorrido por la empresa Arcor y luego por las instalaciones del Museo Hist\u00f3rico Municipal Jos\u00e9 D. Mercado, donde fueron guiados por el personal de la dependencia. M\u00e1s tarde se trasladaron al Balneario Municipal.<\/p>\n\n\n\n<p>Por otra parte, el mi\u00e9rcoles 9, estudiantes de segundo a\u00f1o del Instituto Nuestra Se\u00f1ora de la Merced de la especialidad Ciudadan\u00eda y Participaci\u00f3n, fueron acompa\u00f1ados por las profesoras Constanza Perotti y Alejandra Dellavale.\u00a0<\/p>\n\n\n\n<p>En esa ocasi\u00f3n tambi\u00e9n dialogaron con las autoridades municipales interioriz\u00e1ndose sobre la gesti\u00f3n de gobierno.<\/p>\n\n\n\n<p>Tras las visitas, el intendente destac\u00f3 la importancia <em>&#8220;de que nuestros j\u00f3venes se interesen e involucren en conocer la funci\u00f3n p\u00fablica,\u00a0ya que son la generaci\u00f3n de nuestro futuro&#8221;<\/em>. <\/p>\n\n\n\n<p>Fuente: Prensa Municipal. <\/p>\n","protected":false},"excerpt":{"rendered":"<p>Tambi\u00e9n se reunieron con el intendente, estudiantes locales que cursan segundo a\u00f1o en el Instituto Nuestra Se\u00f1ora de la Merced.&hellip;<\/p>\n","protected":false},"author":3,"featured_media":6167,"comment_status":"closed","ping_status":"open","sticky":false,"template":"","format":"standard","meta":{"footnotes":""},"categories":[829],"tags":[66,67,836,253,310,348,527,868,555,556,572],"class_list":["post-6166","post","type-post","status-publish","format-standard","has-post-thumbnail","hentry","category-municipales-online","tag-arroyito","tag-arroyito-cordoba","tag-arroyito-online","tag-cravero","tag-educacion","tag-escuelas","tag-mauricio-cravero","tag-municipales-online","tag-municipalidad","tag-municipalidad-de-arroyito","tag-noticias-de-arroyito-y-zona"],"_links":{"self":[{"href":"https:\/\/arroyitoonline.com.ar\/index.php?rest_route=\/wp\/v2\/posts\/6166","targetHints":{"allow":["GET"]}}],"collection":[{"href":"https:\/\/arroyitoonline.com.ar\/index.php?rest_route=\/wp\/v2\/posts"}],"about":[{"href":"https:\/\/arroyitoonline.com.ar\/index.php?rest_route=\/wp\/v2\/types\/post"}],"author":[{"embeddable":true,"href":"https:\/\/arroyitoonline.com.ar\/index.php?rest_route=\/wp\/v2\/users\/3"}],"replies":[{"embeddable":true,"href":"https:\/\/arroyitoonline.com.ar\/index.php?rest_route=%2Fwp%2Fv2%2Fcomments&post=6166"}],"version-history":[{"count":1,"href":"https:\/\/arroyitoonline.com.ar\/index.php?rest_route=\/wp\/v2\/posts\/6166\/revisions"}],"predecessor-version":[{"id":6168,"href":"https:\/\/arroyitoonline.com.ar\/index.php?rest_route=\/wp\/v2\/posts\/6166\/revisions\/6168"}],"wp:featuredmedia":[{"embeddable":true,"href":"https:\/\/arroyitoonline.com.ar\/index.php?rest_route=\/wp\/v2\/media\/6167"}],"wp:attachment":[{"href":"https:\/\/arroyitoonline.com.ar\/index.php?rest_route=%2Fwp%2Fv2%2Fmedia&parent=6166"}],"wp:term":[{"taxonomy":"category","embeddable":true,"href":"https:\/\/arroyitoonline.com.ar\/index.php?rest_route=%2Fwp%2Fv2%2Fcategories&post=6166"},{"taxonomy":"post_tag","embeddable":true,"href":"https:\/\/arroyitoonline.com.ar\/index.php?rest_route=%2Fwp%2Fv2%2Ftags&post=6166"}],"curies":[{"name":"wp","href":"https:\/\/api.w.org\/{rel}","templated":true}]}}