{"id":6169,"date":"2019-10-12T10:24:55","date_gmt":"2019-10-12T10:24:55","guid":{"rendered":"https:\/\/arroyitoonline.com.ar\/?p=6169"},"modified":"2019-10-14T22:38:23","modified_gmt":"2019-10-14T22:38:23","slug":"la-esc-m-m-de-guemes-fue-sede-del-acto-del-12-de-octubre","status":"publish","type":"post","link":"https:\/\/arroyitoonline.com.ar\/?p=6169","title":{"rendered":"La Esc. M. M. de G\u00fcemes fue sede del acto del 12 de octubre"},"content":{"rendered":"\n<p><strong>El acontecimiento, celebrado en el paraje La Curva, sirvi\u00f3 para la conmemoraci\u00f3n del D\u00eda del Respeto por la Diversidad Cultural.<\/strong><\/p>\n\n\n\n<p>El viernes por la ma\u00f1ana, la Escuela Mart\u00edn Miguel de G\u00fcemes del Paraje La Curva fue sede de la conmemoraci\u00f3n del 12 de octubre, D\u00eda del Respeto a la\u00a0 Diversidad Cultural<\/p>\n\n\n\n<p>Del acto participaron el intendente Mauricio Cravero, la viceintendente Graciela Tristany, el secretario de Gobierno Ignacio Cabello, alumnos, directivos, docentes y ni\u00f1os del Anexo del Jard\u00edn Fulvio Salvador Pagani.<\/p>\n\n\n\n<p>Luego de la entrada de las banderas de ceremonia, los presentes entonaron las estrofas del Himno Nacional Argentino.\u00a0<\/p>\n\n\n\n<p>A lo largo del evento se compartieron\u00a0momentos de\u00a0reflexi\u00f3n y de recuperaci\u00f3n de la memoria,\u00a0silenciada en nuestro pa\u00eds, para sentirnos parte de una sociedad m\u00e1s justa, digna, democr\u00e1tica, cimentada en el respeto de los derechos humanos y, en especial, en la defensa de nuestros pueblos originarios.<\/p>\n\n\n\n<p>El n\u00famero art\u00edstico alusivo estuvo a cargo de los alumnos del establecimiento educativo anfitri\u00f3n, quienes presentaron una obra tem\u00e1tica. <\/p>\n\n\n\n<p>El 12 de octubre, D\u00eda del Respeto por la Diversidad Cultural, puede contribuir para interrogarnos acerca de nuestros or\u00edgenes, diversidad cultural americana, transformaciones que vivimos a trav\u00e9s de los procesos sociales e ideol\u00f3gicos que enfrentamos a lo largo de nuestra historia, opresi\u00f3n, transculturaci\u00f3n, rebeli\u00f3n, genocidio, sometimiento, ostentaci\u00f3n en la tierra del sol, imposici\u00f3n, castigos, nativos esclavizados.<\/p>\n\n\n\n<p>Fuente: Prensa Municipal. <\/p>\n","protected":false},"excerpt":{"rendered":"<p>El acontecimiento, celebrado en el paraje La Curva, sirvi\u00f3 para la conmemoraci\u00f3n del D\u00eda del Respeto por la Diversidad Cultural.&hellip;<\/p>\n","protected":false},"author":3,"featured_media":6170,"comment_status":"closed","ping_status":"open","sticky":false,"template":"","format":"standard","meta":{"footnotes":""},"categories":[830],"tags":[66,67,836,310,1042,1043,483,555,556,572],"class_list":["post-6169","post","type-post","status-publish","format-standard","has-post-thumbnail","hentry","category-educacion-online","tag-arroyito","tag-arroyito-cordoba","tag-arroyito-online","tag-educacion","tag-escuela-martin-miguel-de-guemes","tag-jardin-fulvio-salvador-pagani","tag-la-curva","tag-municipalidad","tag-municipalidad-de-arroyito","tag-noticias-de-arroyito-y-zona"],"_links":{"self":[{"href":"https:\/\/arroyitoonline.com.ar\/index.php?rest_route=\/wp\/v2\/posts\/6169","targetHints":{"allow":["GET"]}}],"collection":[{"href":"https:\/\/arroyitoonline.com.ar\/index.php?rest_route=\/wp\/v2\/posts"}],"about":[{"href":"https:\/\/arroyitoonline.com.ar\/index.php?rest_route=\/wp\/v2\/types\/post"}],"author":[{"embeddable":true,"href":"https:\/\/arroyitoonline.com.ar\/index.php?rest_route=\/wp\/v2\/users\/3"}],"replies":[{"embeddable":true,"href":"https:\/\/arroyitoonline.com.ar\/index.php?rest_route=%2Fwp%2Fv2%2Fcomments&post=6169"}],"version-history":[{"count":1,"href":"https:\/\/arroyitoonline.com.ar\/index.php?rest_route=\/wp\/v2\/posts\/6169\/revisions"}],"predecessor-version":[{"id":6171,"href":"https:\/\/arroyitoonline.com.ar\/index.php?rest_route=\/wp\/v2\/posts\/6169\/revisions\/6171"}],"wp:featuredmedia":[{"embeddable":true,"href":"https:\/\/arroyitoonline.com.ar\/index.php?rest_route=\/wp\/v2\/media\/6170"}],"wp:attachment":[{"href":"https:\/\/arroyitoonline.com.ar\/index.php?rest_route=%2Fwp%2Fv2%2Fmedia&parent=6169"}],"wp:term":[{"taxonomy":"category","embeddable":true,"href":"https:\/\/arroyitoonline.com.ar\/index.php?rest_route=%2Fwp%2Fv2%2Fcategories&post=6169"},{"taxonomy":"post_tag","embeddable":true,"href":"https:\/\/arroyitoonline.com.ar\/index.php?rest_route=%2Fwp%2Fv2%2Ftags&post=6169"}],"curies":[{"name":"wp","href":"https:\/\/api.w.org\/{rel}","templated":true}]}}