{"id":6199,"date":"2019-10-17T19:23:36","date_gmt":"2019-10-17T19:23:36","guid":{"rendered":"https:\/\/arroyitoonline.com.ar\/?p=6199"},"modified":"2019-10-17T19:25:09","modified_gmt":"2019-10-17T19:25:09","slug":"miguel-olocco-que-el-que-se-fue-por-afuera-le-explique-a-los-afiliados-por-que-va-con-la-oposicion","status":"publish","type":"post","link":"https:\/\/arroyitoonline.com.ar\/?p=6199","title":{"rendered":"Miguel Olocco: \u201cque el que se fue por afuera le explique a los afiliados por qu\u00e9 va con la oposici\u00f3n\u201d"},"content":{"rendered":"\n<p><strong>Adem\u00e1s, el dirigente radical opin\u00f3 que Gloria Brizuela fue <em>&#8220;funcional&#8221;<\/em> a Gustavo Benedetti y agreg\u00f3 que <\/strong><em><strong>&#8220;el auto del exintendente fue el primero que baj\u00f3 gente a votar el d\u00eda de la interna&#8221;<\/strong><\/em><strong>. <\/strong><\/p>\n\n\n\n<p>Ayer a la tarde, autoridades partidarias del Radicalismo local, encabezadas por el presidente N\u00e9stor Bonetto, brindaron una conferencia de prensa en en el Comit\u00e9 Circuito Arroyito.<\/p>\n\n\n\n<p>De cara a las elecciones presidenciales del domingo 27 de octubre informaron que la sede partidaria de la UCR estar\u00e1 abierta todas las tardes, para que la gente pueda consultar el padr\u00f3n y que distribuir\u00e1n votos de la f\u00f3rmula Macri|Pichetto, ya que ese partido es parte de la alianza Juntos por el Cambio, a nivel nacional.<\/p>\n\n\n\n<p><strong>Fuertes declaraciones sobre la interna<\/strong><\/p>\n\n\n\n<p>A continuaci\u00f3n se refirieron a la situaci\u00f3n local, en torno a los comicios del 10 de noviembre. <em>&#8220;Para nosotros fue una interna ejemplar. Ten\u00edamos unos mensajes de felicitaciones de parte de la candidata que perdi\u00f3, pero nos encontramos ayer y hoy con algunos reportajes donde dice que ha sido irregular y nosotros queremos dejar en claro que fue todo legal, todo claro. Es cierto que hubo un voto de ella que estaba manchado. Ella busc\u00f3 al escribano y el presidente la acompa\u00f1\u00f3 a todas las aulas para controlar los votos. Incluso el presidente tiene un mensaje de felicitaci\u00f3n de ella&#8221;<\/em>, explic\u00f3 Miguel Olocco. <\/p>\n\n\n\n<p><em>&#8220;Las oportunidades el Comit\u00e9 las ha dado, consta en actas, cuando yo creo que ten\u00edan la decisi\u00f3n tomada de irse por afuera. Se har\u00e1n cargo esos candidatos, que no le echen la culpa al partido de que no les ha dado la oportunidad, de decir por qu\u00e9 se van por afuera y explicarle al afiliado, que seguramente los votaron muchas veces antes, a uno para que sea intendente, y hoy no le puede decir justamente por qu\u00e9 va por la oposici\u00f3n&#8221;<\/em>, sigui\u00f3 el miembro del consejo partidario.<\/p>\n\n\n\n<figure><iframe loading=\"lazy\" src=\"https:\/\/www.facebook.com\/plugins\/video.php?href=https%3A%2F%2Fwww.facebook.com%2Farroyitoonlineoficial%2Fvideos%2F2460602180727737%2F&amp;show_text=0&amp;width=560\" width=\"560\" height=\"315\" allowfullscreen=\"true\"><\/iframe><\/figure>\n\n\n\n<p>Por su parte, la candidata a concejala Lidia Mart\u00ednez agreg\u00f3 que <em>&#8220;Se buscaron todas las alternativas posibles para ver si pod\u00edamos hacer una lista de unidad. Por parte del exintendente, \u00e9l pretend\u00eda otra cosa. Si era lista de unidad pretend\u00eda ir \u00e9l a la cabeza, no hubo acuerdo desde el vamos en eso. Para nosotros no ten\u00eda sentido ir a esta elecci\u00f3n interna. Hicimos un acuerdo de que el que ganaba acompa\u00f1aba, el d\u00eda antes de la interna y eso no se cumpli\u00f3&#8221;<\/em>. <\/p>\n\n\n\n<p>Sobre el final, y ante de la pregunta de si Gloria Brizuela estaba trabajando desde antes con Gustavo Benedetti, Miguel Olocco respondi\u00f3 que <em>&#8220;uno de los primeros autos en llegar a la escuela el d\u00eda de la interna a bajar gente fue el del exintendente. Sin dudas que esa foto (la de Benedetti con Gloria) nos choc\u00f3 y nosotros creemos que ella fue funcional a la oposici\u00f3n, el exintendente. Hay sectores muy duros que pretenden la desafiliaci\u00f3n de Benedetti y otros piden, por lo menos, una suspensi\u00f3n de la afiliaci\u00f3n. Es un tema que lo vamos a dejar para despu\u00e9s del 10 de noviembre y le vamos a elevar una nota al comit\u00e9 de Disciplina de la provincia, para que ellos decidan si le cabe o no le cabe la desafiliaci\u00f3n&#8221;<\/em>. <\/p>\n","protected":false},"excerpt":{"rendered":"<p>Adem\u00e1s, el dirigente radical opin\u00f3 que Gloria Brizuela fue &#8220;funcional&#8221; a Gustavo Benedetti y agreg\u00f3 que &#8220;el auto del exintendente&hellip;<\/p>\n","protected":false},"author":3,"featured_media":6200,"comment_status":"closed","ping_status":"open","sticky":false,"template":"","format":"standard","meta":{"footnotes":""},"categories":[8],"tags":[13,66,67,836,318,572,640,667,871,779],"class_list":["post-6199","post","type-post","status-publish","format-standard","has-post-thumbnail","hentry","category-politica","tag-13","tag-arroyito","tag-arroyito-cordoba","tag-arroyito-online","tag-elecciones","tag-noticias-de-arroyito-y-zona","tag-politica","tag-radical","tag-radicalismo","tag-ucr"],"_links":{"self":[{"href":"https:\/\/arroyitoonline.com.ar\/index.php?rest_route=\/wp\/v2\/posts\/6199","targetHints":{"allow":["GET"]}}],"collection":[{"href":"https:\/\/arroyitoonline.com.ar\/index.php?rest_route=\/wp\/v2\/posts"}],"about":[{"href":"https:\/\/arroyitoonline.com.ar\/index.php?rest_route=\/wp\/v2\/types\/post"}],"author":[{"embeddable":true,"href":"https:\/\/arroyitoonline.com.ar\/index.php?rest_route=\/wp\/v2\/users\/3"}],"replies":[{"embeddable":true,"href":"https:\/\/arroyitoonline.com.ar\/index.php?rest_route=%2Fwp%2Fv2%2Fcomments&post=6199"}],"version-history":[{"count":6,"href":"https:\/\/arroyitoonline.com.ar\/index.php?rest_route=\/wp\/v2\/posts\/6199\/revisions"}],"predecessor-version":[{"id":6206,"href":"https:\/\/arroyitoonline.com.ar\/index.php?rest_route=\/wp\/v2\/posts\/6199\/revisions\/6206"}],"wp:featuredmedia":[{"embeddable":true,"href":"https:\/\/arroyitoonline.com.ar\/index.php?rest_route=\/wp\/v2\/media\/6200"}],"wp:attachment":[{"href":"https:\/\/arroyitoonline.com.ar\/index.php?rest_route=%2Fwp%2Fv2%2Fmedia&parent=6199"}],"wp:term":[{"taxonomy":"category","embeddable":true,"href":"https:\/\/arroyitoonline.com.ar\/index.php?rest_route=%2Fwp%2Fv2%2Fcategories&post=6199"},{"taxonomy":"post_tag","embeddable":true,"href":"https:\/\/arroyitoonline.com.ar\/index.php?rest_route=%2Fwp%2Fv2%2Ftags&post=6199"}],"curies":[{"name":"wp","href":"https:\/\/api.w.org\/{rel}","templated":true}]}}