{"id":6207,"date":"2019-10-18T03:31:32","date_gmt":"2019-10-18T03:31:32","guid":{"rendered":"https:\/\/arroyitoonline.com.ar\/?p=6207"},"modified":"2019-10-18T03:31:33","modified_gmt":"2019-10-18T03:31:33","slug":"referentes-locales-del-pro-se-reunieron-con-benedetti","status":"publish","type":"post","link":"https:\/\/arroyitoonline.com.ar\/?p=6207","title":{"rendered":"Referentes locales del PRO se reunieron con Benedetti"},"content":{"rendered":"\n<p><strong>Echevarr\u00eda y Gudi\u00f1o ratificaron su apoyo al exintendente, a pesar de la pol\u00e9mica por la inclusi\u00f3n o exclusi\u00f3n del PRO en Todos Juntos Hacemos por Arroyito.<\/strong><\/p>\n\n\n\n<p>Los referentes locales del PRO, Bautista Echevarr\u00eda y Laureano Gudi\u00f1o, se reunieron este jueves 17 con integrantes de la alianza Todos Juntos Hacemos por Arroyito.<\/p>\n\n\n\n<p>En la oportunidad, y luego de la pol\u00e9mica por la inclusi\u00f3n o exclusi\u00f3n\nde Propuesta Republicana en la alianza conformada adem\u00e1s por el Frente C\u00edvico y\nel partido Pa\u00eds, Echevarr\u00eda y Gudi\u00f1o ratificaron su apoyo al espacio conducido\npor Gustavo Benedetti.<\/p>\n\n\n\n<p>La reuni\u00f3n se dio el marco de la coordinaci\u00f3n de acciones de\ncampa\u00f1a, tanto para las elecciones locales como para los comicios nacionales.<\/p>\n\n\n\n<p><em>&#8220;La buena\ncomunicaci\u00f3n que tenemos con Gustavo y su equipo nos permitir\u00e1 gestionar a\nnivel nacional y luego poder implementar todo lo que sea necesario para Arroyito&#8221;<\/em>, subray\u00f3 Echevarr\u00eda.<\/p>\n\n\n\n<p><em>\u201cEste gesto unidad fortalece la coalici\u00f3n y se distancia de las voces que indicaban la ruptura o los condicionamientos que exist\u00edan para la alianza\u201d<\/em>, indicaron desde el entorno del exintendente.<\/p>\n","protected":false},"excerpt":{"rendered":"<p>Echevarr\u00eda y Gudi\u00f1o ratificaron su apoyo al exintendente, a pesar de la pol\u00e9mica por la inclusi\u00f3n o exclusi\u00f3n del PRO&hellip;<\/p>\n","protected":false},"author":3,"featured_media":6208,"comment_status":"closed","ping_status":"open","sticky":false,"template":"","format":"standard","meta":{"footnotes":""},"categories":[8],"tags":[13,66,67,836,318,968,572,640,654],"class_list":["post-6207","post","type-post","status-publish","format-standard","has-post-thumbnail","hentry","category-politica","tag-13","tag-arroyito","tag-arroyito-cordoba","tag-arroyito-online","tag-elecciones","tag-gustavo-benedetti","tag-noticias-de-arroyito-y-zona","tag-politica","tag-pro"],"_links":{"self":[{"href":"https:\/\/arroyitoonline.com.ar\/index.php?rest_route=\/wp\/v2\/posts\/6207","targetHints":{"allow":["GET"]}}],"collection":[{"href":"https:\/\/arroyitoonline.com.ar\/index.php?rest_route=\/wp\/v2\/posts"}],"about":[{"href":"https:\/\/arroyitoonline.com.ar\/index.php?rest_route=\/wp\/v2\/types\/post"}],"author":[{"embeddable":true,"href":"https:\/\/arroyitoonline.com.ar\/index.php?rest_route=\/wp\/v2\/users\/3"}],"replies":[{"embeddable":true,"href":"https:\/\/arroyitoonline.com.ar\/index.php?rest_route=%2Fwp%2Fv2%2Fcomments&post=6207"}],"version-history":[{"count":1,"href":"https:\/\/arroyitoonline.com.ar\/index.php?rest_route=\/wp\/v2\/posts\/6207\/revisions"}],"predecessor-version":[{"id":6209,"href":"https:\/\/arroyitoonline.com.ar\/index.php?rest_route=\/wp\/v2\/posts\/6207\/revisions\/6209"}],"wp:featuredmedia":[{"embeddable":true,"href":"https:\/\/arroyitoonline.com.ar\/index.php?rest_route=\/wp\/v2\/media\/6208"}],"wp:attachment":[{"href":"https:\/\/arroyitoonline.com.ar\/index.php?rest_route=%2Fwp%2Fv2%2Fmedia&parent=6207"}],"wp:term":[{"taxonomy":"category","embeddable":true,"href":"https:\/\/arroyitoonline.com.ar\/index.php?rest_route=%2Fwp%2Fv2%2Fcategories&post=6207"},{"taxonomy":"post_tag","embeddable":true,"href":"https:\/\/arroyitoonline.com.ar\/index.php?rest_route=%2Fwp%2Fv2%2Ftags&post=6207"}],"curies":[{"name":"wp","href":"https:\/\/api.w.org\/{rel}","templated":true}]}}