{"id":6235,"date":"2019-10-21T03:19:59","date_gmt":"2019-10-21T03:19:59","guid":{"rendered":"https:\/\/arroyitoonline.com.ar\/?p=6235"},"modified":"2019-10-21T03:19:59","modified_gmt":"2019-10-21T03:19:59","slug":"emanuel-acosta-es-el-nuevo-presidente-del-colegio-de-abogados-delegacion-arroyito","status":"publish","type":"post","link":"https:\/\/arroyitoonline.com.ar\/?p=6235","title":{"rendered":"Emanuel Acosta es el nuevo presidente del Colegio de Abogados Delegaci\u00f3n Arroyito"},"content":{"rendered":"\n<p><strong>Por la presentaci\u00f3n de una sola lista se proclamaron las nuevas autoridades prescindiendo del acto eleccionario. La vicepresidenta es Marcela Maggi.<\/strong><\/p>\n\n\n\n<p>Con fecha 22 de agosto de 2019, el Colegio de Abogados de la Quinta Circunscripci\u00f3n Judicial (San Francisco) <strong>convoc\u00f3 a elecciones<\/strong>, para el 18 de octubre pasado, de miembros del Directorio y de las Juntas Directivas en las Delegaciones de Arroyito, Morteros y Las Varillas, con motivo de que se eligieran las siguientes autoridades: presidente, vicepresidente, secretario, tesorero y \u00a0vocales.<\/p>\n\n\n\n<p>El plazo para la presentaci\u00f3n de listas, a los fines de la\noficializaci\u00f3n ante la Junta Electoral, venc\u00eda el 9 de octubre de 2019, a las\n13:00 horas.<\/p>\n\n\n\n<figure class=\"wp-block-image\"><img loading=\"lazy\" decoding=\"async\" width=\"712\" height=\"712\" src=\"https:\/\/arroyitoonline.com.ar\/wp-content\/uploads\/2019\/10\/31046369_825700764297356_4108705078452420608_n.png\" alt=\"\" class=\"wp-image-6236\" srcset=\"https:\/\/arroyitoonline.com.ar\/wp-content\/uploads\/2019\/10\/31046369_825700764297356_4108705078452420608_n.png 712w, https:\/\/arroyitoonline.com.ar\/wp-content\/uploads\/2019\/10\/31046369_825700764297356_4108705078452420608_n-150x150.png 150w, https:\/\/arroyitoonline.com.ar\/wp-content\/uploads\/2019\/10\/31046369_825700764297356_4108705078452420608_n-300x300.png 300w\" sizes=\"auto, (max-width: 712px) 100vw, 712px\" \/><figcaption><em>El logo del Colegio de Abogados San Francisco<\/em><\/figcaption><\/figure>\n\n\n\n<p>Al presentarse solo una lista en la Delegaci\u00f3n de Arroyito, la Junta\nElectoral por Acta de N\u00famero 136 de fecha 11\/10\/2019, resolvi\u00f3: <strong><em>\u201c\u2026Atento\nhaberse presentado una sola lista en el Colegio de Abogados San Francisco y\nJuntas Directivas de las Delegaciones del Colegio de Abogados, se resuelve\nproclamar las mismas prescindiendo del acto eleccionario (art\u00edculos 23,29 y 37\ndel Estatuto del Colegio de Abogados) comun\u00edquese a los fines previstos en los\nart\u00edculos 25 y 31 del Estatuto del colegio de Abogados\u2026\u201d<\/em><\/strong><\/p>\n\n\n\n<p>De esta forma en la Delegaci\u00f3n de Arroyito del Colegio de Abogados\nqued\u00f3 proclamada la siguiente lista: <\/p>\n\n\n\n<p><strong><em>Presidente: Emanuel Alejandro Acosta<\/em><\/strong><\/p>\n\n\n\n<p><strong><em>Vice-Presidenta: Mar\u00eda Marcela Maggi<\/em><\/strong><\/p>\n\n\n\n<p><strong><em>Secretario: Miguel Fern\u00e1ndez<\/em><\/strong><\/p>\n\n\n\n<p><strong><em>Tesorero: Natalia Lescano<\/em><\/strong><\/p>\n\n\n\n<p><strong><em>Vocales Titulares: Camila Burzio y Heber Bertorello&nbsp; <\/em><\/strong><\/p>\n\n\n\n<p><strong><em>Vocales Suplentes: Liliana Fontana y Luciano Prunesti \u00a0\u00a0\u00a0\u00a0\u00a0\u00a0\u00a0\u00a0\u00a0<\/em><\/strong><\/p>\n\n\n\n<p>En los pr\u00f3ximos d\u00edas se producir\u00e1 el acto de asunci\u00f3n de autoridades y se comunicar\u00e1n a los colegiados de la ciudad de Arroyito y a la comunidad en general, los lineamientos de trabajo y las propuestas de gesti\u00f3n de las flamantes autoridades.<\/p>\n","protected":false},"excerpt":{"rendered":"<p>Por la presentaci\u00f3n de una sola lista se proclamaron las nuevas autoridades prescindiendo del acto eleccionario. La vicepresidenta es Marcela&hellip;<\/p>\n","protected":false},"author":3,"featured_media":6018,"comment_status":"closed","ping_status":"open","sticky":false,"template":"","format":"standard","meta":{"footnotes":""},"categories":[900],"tags":[18,955,66,67,836,1046,572,710],"class_list":["post-6235","post","type-post","status-publish","format-standard","has-post-thumbnail","hentry","category-noticias","tag-abogado","tag-acosta","tag-arroyito","tag-arroyito-cordoba","tag-arroyito-online","tag-colegio-de-abogados","tag-noticias-de-arroyito-y-zona","tag-san-francisco"],"_links":{"self":[{"href":"https:\/\/arroyitoonline.com.ar\/index.php?rest_route=\/wp\/v2\/posts\/6235","targetHints":{"allow":["GET"]}}],"collection":[{"href":"https:\/\/arroyitoonline.com.ar\/index.php?rest_route=\/wp\/v2\/posts"}],"about":[{"href":"https:\/\/arroyitoonline.com.ar\/index.php?rest_route=\/wp\/v2\/types\/post"}],"author":[{"embeddable":true,"href":"https:\/\/arroyitoonline.com.ar\/index.php?rest_route=\/wp\/v2\/users\/3"}],"replies":[{"embeddable":true,"href":"https:\/\/arroyitoonline.com.ar\/index.php?rest_route=%2Fwp%2Fv2%2Fcomments&post=6235"}],"version-history":[{"count":1,"href":"https:\/\/arroyitoonline.com.ar\/index.php?rest_route=\/wp\/v2\/posts\/6235\/revisions"}],"predecessor-version":[{"id":6237,"href":"https:\/\/arroyitoonline.com.ar\/index.php?rest_route=\/wp\/v2\/posts\/6235\/revisions\/6237"}],"wp:featuredmedia":[{"embeddable":true,"href":"https:\/\/arroyitoonline.com.ar\/index.php?rest_route=\/wp\/v2\/media\/6018"}],"wp:attachment":[{"href":"https:\/\/arroyitoonline.com.ar\/index.php?rest_route=%2Fwp%2Fv2%2Fmedia&parent=6235"}],"wp:term":[{"taxonomy":"category","embeddable":true,"href":"https:\/\/arroyitoonline.com.ar\/index.php?rest_route=%2Fwp%2Fv2%2Fcategories&post=6235"},{"taxonomy":"post_tag","embeddable":true,"href":"https:\/\/arroyitoonline.com.ar\/index.php?rest_route=%2Fwp%2Fv2%2Ftags&post=6235"}],"curies":[{"name":"wp","href":"https:\/\/api.w.org\/{rel}","templated":true}]}}