{"id":6238,"date":"2019-10-21T03:33:45","date_gmt":"2019-10-21T03:33:45","guid":{"rendered":"https:\/\/arroyitoonline.com.ar\/?p=6238"},"modified":"2019-10-21T03:33:47","modified_gmt":"2019-10-21T03:33:47","slug":"entregaron-150-certificados-del-programa-mi-primera-licencia","status":"publish","type":"post","link":"https:\/\/arroyitoonline.com.ar\/?p=6238","title":{"rendered":"Entregaron 150 certificados del programa Mi Primera Licencia"},"content":{"rendered":"\n<p><strong>Tiene como objetivo\u00a0 la incorporaci\u00f3n de los conocimientos necesarios que debe tener todo conductor al momento de la obtenci\u00f3n de su licencia de conducir. <\/strong><\/p>\n\n\n\n<p>En el marco del Plan Estrat\u00e9gico de Arroyito, y en pos del ordenamiento del tr\u00e1nsito en la ciudad,\u00a0el jueves 17 en la sala de Deliberaciones del edificio municipal, la viceintendente Graciela Tristany, los secretarios de Gobierno, Ignacio Cabello, y de Obras P\u00fablicas, Daniel Lafarina, y la directora de Tr\u00e1nsito, Cintia Bruera, entregaron certificados a los alumnos de los sextos a\u00f1os de las escuelas de Arroyito, que aprobaron el examen, para la obtenci\u00f3n gratuita de su primera licencia de conducir.<\/p>\n\n\n\n<p>En la oportunidad, fueron 150 los alumnos que aprobaron, los cuales se distribuyen de la siguiente manera, en los establecimientos educativos locales:<\/p>\n\n\n\n<p>Del IPEM N\u00b0 329 &#8220;Arq. Osvaldo Pons&#8221; \u2013 ocho alumnos.<\/p>\n\n\n\n<p>IPEM N\u00b0 329 &#8220;Arq. Osvaldo Pons&#8221; Anexo La Curva\u00a0\u2013 tres alumnos.<\/p>\n\n\n\n<p>IPEM N\u00b0 329 &#8220;Arq. Osvaldo Pons&#8221; Anexo El Fuertecito \u2013 tres alumnos.<\/p>\n\n\n\n<p>IPEM N\u00b0 329 &#8220;Arq. Osvaldo Pons&#8221; Anexo El Descanso \u2013 tres alumnos.<\/p>\n\n\n\n<p>Instituto Nuestra Sra. de la Merced \u2013 29 alumnos.<\/p>\n\n\n\n<p>Ipetaym N\u00b0 68 &#8220;Cnel. Don Luis \u00c1lvarez&#8221; \u2013 36 alumnos.<\/p>\n\n\n\n<p>Esc. Dr. Dalmacio V\u00e9lez Sarsfield \u2013 68 alumnos.<\/p>\n\n\n\n<p>En la ocasi\u00f3n, el secretario de Gobierno felicit\u00f3 los estudiantes que aprobaron y exhort\u00f3\u00a0a los presentes a que tengan en cuenta los \u00faltimos accidentes de tr\u00e1nsito que involucraron a motociclistas de nuestra ciudad remarcando que estamos pasando por un momento de dolor a causa de este flagelo.<\/p>\n\n\n\n<p>Adem\u00e1s, manifest\u00f3 que debe tomarse conciencia de que lo que m\u00e1s valor tiene es la vida, por sobre cualquier cosa, por eso se exige el uso del casco, la circulaci\u00f3n con prudencia y el respeto de los controles de tr\u00e1nsito.<\/p>\n\n\n\n<p><em>\u201cSi hay alg\u00fan objetivo que debe quedar claro en un programa de seguridad vial, es buscar el bienestar general, el bien com\u00fan. A trav\u00e9s de estas disertaciones, queremos hacer de la v\u00eda p\u00fablica un espacio m\u00e1s seguro, capacitando en buenas pr\u00e1cticas a todos los sectores de la sociedad, en este caso a quienes integran la denominada `Edad de Riesgo\u00b4\u201d<\/em>, asever\u00f3 Cabello.<\/p>\n\n\n\n<p>Este proyecto educativo, impulsado por del municipio, tiene como objetivo\u00a0 la incorporaci\u00f3n de los conocimientos necesarios que debe tener todo conductor al momento de la obtenci\u00f3n de su licencia de conducir.\u00a0<\/p>\n\n\n\n<p>Fuente: Prensa Municipal. <\/p>\n","protected":false},"excerpt":{"rendered":"<p>Tiene como objetivo\u00a0 la incorporaci\u00f3n de los conocimientos necesarios que debe tener todo conductor al momento de la obtenci\u00f3n de&hellip;<\/p>\n","protected":false},"author":3,"featured_media":6239,"comment_status":"closed","ping_status":"open","sticky":false,"template":"","format":"standard","meta":{"footnotes":""},"categories":[942],"tags":[66,67,836,295,471,945,555,556,572,626,771],"class_list":["post-6238","post","type-post","status-publish","format-standard","has-post-thumbnail","hentry","category-transito","tag-arroyito","tag-arroyito-cordoba","tag-arroyito-online","tag-direccion-de-transito","tag-jovenes","tag-mi-primera-licencia-de-conducir","tag-municipalidad","tag-municipalidad-de-arroyito","tag-noticias-de-arroyito-y-zona","tag-plan-estrategico","tag-transito"],"_links":{"self":[{"href":"https:\/\/arroyitoonline.com.ar\/index.php?rest_route=\/wp\/v2\/posts\/6238","targetHints":{"allow":["GET"]}}],"collection":[{"href":"https:\/\/arroyitoonline.com.ar\/index.php?rest_route=\/wp\/v2\/posts"}],"about":[{"href":"https:\/\/arroyitoonline.com.ar\/index.php?rest_route=\/wp\/v2\/types\/post"}],"author":[{"embeddable":true,"href":"https:\/\/arroyitoonline.com.ar\/index.php?rest_route=\/wp\/v2\/users\/3"}],"replies":[{"embeddable":true,"href":"https:\/\/arroyitoonline.com.ar\/index.php?rest_route=%2Fwp%2Fv2%2Fcomments&post=6238"}],"version-history":[{"count":1,"href":"https:\/\/arroyitoonline.com.ar\/index.php?rest_route=\/wp\/v2\/posts\/6238\/revisions"}],"predecessor-version":[{"id":6240,"href":"https:\/\/arroyitoonline.com.ar\/index.php?rest_route=\/wp\/v2\/posts\/6238\/revisions\/6240"}],"wp:featuredmedia":[{"embeddable":true,"href":"https:\/\/arroyitoonline.com.ar\/index.php?rest_route=\/wp\/v2\/media\/6239"}],"wp:attachment":[{"href":"https:\/\/arroyitoonline.com.ar\/index.php?rest_route=%2Fwp%2Fv2%2Fmedia&parent=6238"}],"wp:term":[{"taxonomy":"category","embeddable":true,"href":"https:\/\/arroyitoonline.com.ar\/index.php?rest_route=%2Fwp%2Fv2%2Fcategories&post=6238"},{"taxonomy":"post_tag","embeddable":true,"href":"https:\/\/arroyitoonline.com.ar\/index.php?rest_route=%2Fwp%2Fv2%2Ftags&post=6238"}],"curies":[{"name":"wp","href":"https:\/\/api.w.org\/{rel}","templated":true}]}}