{"id":6256,"date":"2019-10-22T12:23:50","date_gmt":"2019-10-22T12:23:50","guid":{"rendered":"https:\/\/arroyitoonline.com.ar\/?p=6256"},"modified":"2019-10-22T12:23:54","modified_gmt":"2019-10-22T12:23:54","slug":"el-municipio-sortea-la-vivienda-n-361-de-la-gestion-cravero","status":"publish","type":"post","link":"https:\/\/arroyitoonline.com.ar\/?p=6256","title":{"rendered":"El Municipio sortea la vivienda N\u00b0 361 de la gesti\u00f3n Cravero"},"content":{"rendered":"\n<p><strong>Se trata de 28 nuevas unidades habitacionales, 16 correspondientes al Plan Casa y 12 del Plan Casa Social.<\/strong><\/p>\n\n\n\n<p>Este mi\u00e9rcoles 23 de octubre a las 20:00 horas, en el Auditorio Coral, el Municipio sortear\u00e1 28 nuevas viviendas, 16 correspondientes al Plan Casa y 12 unidades habitacionales del Plan Casa Social; ante la presencia de la escribana p\u00fablica Mar\u00eda Fernanda Cort\u00e9s de Casco.\u00a0<\/p>\n\n\n\n<p>El padr\u00f3n definitivo lo integrar\u00e1n los adherentes que est\u00e9n al d\u00eda con la cuota de AGOSTO 2019, cierre del padr\u00f3n el d\u00eda 18 de octubre de 2019 inclusive; seg\u00fan Ordenanzas 1460\/2010 (Plan Casa) \u2013 1461\/2010 (Plan Casa Social).\u00a0<\/p>\n\n\n\n<p>Adem\u00e1s, los padrones para consulta y\/o control est\u00e1n disponibles desde las 11:00 horas, en la oficina de Viviendas (Gral. Paz 939).\u00a0<\/p>\n\n\n\n<p>Fuente: Prensa Municipal. <\/p>\n","protected":false},"excerpt":{"rendered":"<p>Se trata de 28 nuevas unidades habitacionales, 16 correspondientes al Plan Casa y 12 del Plan Casa Social. Este mi\u00e9rcoles&hellip;<\/p>\n","protected":false},"author":3,"featured_media":4641,"comment_status":"closed","ping_status":"open","sticky":false,"template":"","format":"standard","meta":{"footnotes":""},"categories":[1044],"tags":[66,67,836,253,837,527,572,578,624,625,813],"class_list":["post-6256","post","type-post","status-publish","format-standard","has-post-thumbnail","hentry","category-obras-publicas","tag-arroyito","tag-arroyito-cordoba","tag-arroyito-online","tag-cravero","tag-lafarina","tag-mauricio-cravero","tag-noticias-de-arroyito-y-zona","tag-obras-publicas","tag-plan-casa","tag-plan-casa-social","tag-viviendas"],"_links":{"self":[{"href":"https:\/\/arroyitoonline.com.ar\/index.php?rest_route=\/wp\/v2\/posts\/6256","targetHints":{"allow":["GET"]}}],"collection":[{"href":"https:\/\/arroyitoonline.com.ar\/index.php?rest_route=\/wp\/v2\/posts"}],"about":[{"href":"https:\/\/arroyitoonline.com.ar\/index.php?rest_route=\/wp\/v2\/types\/post"}],"author":[{"embeddable":true,"href":"https:\/\/arroyitoonline.com.ar\/index.php?rest_route=\/wp\/v2\/users\/3"}],"replies":[{"embeddable":true,"href":"https:\/\/arroyitoonline.com.ar\/index.php?rest_route=%2Fwp%2Fv2%2Fcomments&post=6256"}],"version-history":[{"count":1,"href":"https:\/\/arroyitoonline.com.ar\/index.php?rest_route=\/wp\/v2\/posts\/6256\/revisions"}],"predecessor-version":[{"id":6257,"href":"https:\/\/arroyitoonline.com.ar\/index.php?rest_route=\/wp\/v2\/posts\/6256\/revisions\/6257"}],"wp:featuredmedia":[{"embeddable":true,"href":"https:\/\/arroyitoonline.com.ar\/index.php?rest_route=\/wp\/v2\/media\/4641"}],"wp:attachment":[{"href":"https:\/\/arroyitoonline.com.ar\/index.php?rest_route=%2Fwp%2Fv2%2Fmedia&parent=6256"}],"wp:term":[{"taxonomy":"category","embeddable":true,"href":"https:\/\/arroyitoonline.com.ar\/index.php?rest_route=%2Fwp%2Fv2%2Fcategories&post=6256"},{"taxonomy":"post_tag","embeddable":true,"href":"https:\/\/arroyitoonline.com.ar\/index.php?rest_route=%2Fwp%2Fv2%2Ftags&post=6256"}],"curies":[{"name":"wp","href":"https:\/\/api.w.org\/{rel}","templated":true}]}}